{"id":1618,"date":"2024-03-31T08:47:17","date_gmt":"2024-03-31T06:47:17","guid":{"rendered":"https:\/\/sf2a.eu\/website2023\/?p=1618"},"modified":"2024-03-31T08:47:17","modified_gmt":"2024-03-31T06:47:17","slug":"message-sf2a-no-1082","status":"publish","type":"post","link":"https:\/\/sf2a.eu\/website2023\/message-sf2a-no-1082\/","title":{"rendered":"Message SF2A No 1082"},"content":{"rendered":"\n<h2 class=\"wp-block-heading\">Message SF2A No 1082 &#8211; 1\/04\/24<\/h2>\n\n\n\n<ol class=\"wp-block-list\">\n<li>Prix Camille Flammarion de la m\u00e9diation scientifique pour les jeunes chercheurs<\/li>\n\n\n\n<li>Sondage radio-astronomie &#8211; dimensionnement d&rsquo;un futur centre fran\u00e7ais des donn\u00e9es radio basses fr\u00e9quences<\/li>\n\n\n\n<li>17\u00e8me congr\u00e8s de la Division Plasmas de la SFP, 14-16 mai 2024, Rouen, France<\/li>\n\n\n\n<li>Journees Scientifiques PNCG \u00ab\u00a0Galaxies\u00a0\u00bb, 7-9 octobre 2024, Lyon, France<\/li>\n\n\n\n<li>Recherche des b\u00e9n\u00e9voles SpaceBus France du 20 juillet au 11 ao\u00fbt<\/li>\n\n\n\n<li>Annonce de parution Cahiers Clairaut 185<\/li>\n<\/ol>\n\n\n\n<h3 class=\"wp-block-heading\">1. Prix Camille Flammarion de la m\u00e9diation scientifique pour les jeunes chercheurs<\/h3>\n\n\n\n<p>La Soci\u00e9t\u00e9 Astronomique de France (SAF) et la Soci\u00e9t\u00e9 Fran\u00e7aise d\u2019Astronomie et d\u2019Astrophysique (SF2A) se sont associ\u00e9es pour cr\u00e9er en 2022 le Prix Camille Flammarion destin\u00e9 \u00e0 r\u00e9compenser une action de m\u00e9diation scientifique men\u00e9e par un jeune chercheur. Ce prix est ouvert aux doctorant(e)s et aux post-doctorant(e)s en Sciences de l\u2019Univers. La SAF et SF2A lancent le troisi\u00e8me appel \u00e0 candidature pour le Prix Camille Flammarion qui sera remis lors de la semaine de l\u2019Astrophysique Fran\u00e7aise qui se tiendra du 4 au 7 juin 2024 \u00e0 Marseille.<br>Le prix d\u00e9cern\u00e9 sera mat\u00e9rialis\u00e9 par un ch\u00e8que de 1000\u20ac ; un communiqu\u00e9 de presse sera ensuite diffus\u00e9. En outre, le projet distingu\u00e9 pourra faire l\u2019objet d\u2019une publication dans le magazine l\u2019Astronomie.<br>Le jury compos\u00e9 de membres de la SAF et de la SF2A d\u00e9cidera en mai 2024 de l\u2019attribution du prix.<\/p>\n\n\n\n<p>Quelles sont les conditions de participation ?<\/p>\n\n\n\n<ul class=\"wp-block-list\">\n<li>Le prix est ouvert aux doctorant(e)s et postdoctorant(e)s francophones en Sciences de l\u2019Univers \u00e0 titre individuel ou en collaboration avec une association ou un laboratoire<\/li>\n\n\n\n<li>Le projet pr\u00e9sent\u00e9 doit \u00eatre en cours ou avoir eu lieu en 2022\/23 et concerne un des domaines des Sciences de l\u2019Univers<\/li>\n\n\n\n<li>Toutes les tailles et tous les formats de projet sont les bienvenus. Les points importants sont le c\u00f4t\u00e9 innovant de votre projet et l\u2019impact de votre initiative sur le public cible<\/li>\n\n\n\n<li>Les candidatures seront soumises en Fran\u00e7ais<\/li>\n<\/ul>\n\n\n\n<p>Pour faire acte de candidature, il est n\u00e9cessaire de :<\/p>\n\n\n\n<ul class=\"wp-block-list\">\n<li>R\u00e9pondre au formulaire en ligne avant le 5 mai 12h sur :<br><a href=\"https:\/\/forms.gle\/vDvNKzUcYGZNdmX36\" target=\"_blank\" rel=\"noreferrer noopener\">https:\/\/forms.gle\/vDvNKzUcYGZNdmX36<\/a><\/li>\n\n\n\n<li>Joindre dans le formulaire en ligne un court CV (1 page en format PDF) de la personne porteuse principale du projet.<\/li>\n<\/ul>\n\n\n\n<p>Transmis par Nad\u00e8ge Lagarde<\/p>\n\n\n\n<h3 class=\"wp-block-heading\">2. Sondage radio-astronomie &#8211; dimensionnement d&rsquo;un futur centre fran\u00e7ais des donn\u00e9es radio basses fr\u00e9quences<\/h3>\n\n\n\n<p>L&rsquo;Action Sp\u00e9cifique SKA-LOFAR vous sollicite dans le cadre d&rsquo;une r\u00e9flexion nationale men\u00e9e en ce moment par SKA-France sur les moyens de calcul \/ stockage de la communaut\u00e9 fran\u00e7aise utilisatrice des observatoires radio basses fr\u00e9quences, et en particulier dans la perspective de SKA. En effet le minist\u00e8re de la recherche a mandat\u00e9 SKA-France afin d&rsquo;identifier les besoins de la communaut\u00e9 scientifique et les ressources disponibles li\u00e9s \u00e0 l&rsquo;exploitation des observatoires radio, aujourd\u2019hui et avec une projection lors de la mise en service de SKA. L&rsquo;objectif est de dimensionner un possible centre de donn\u00e9es national radio basse-fr\u00e9quences (&lt; 30 GHz). La nature, la taille, la localisation, l&rsquo;infrastructure, le pilotage de ce futur centre ne sont pas encore d\u00e9termin\u00e9s. Ceci fait partie de la r\u00e9flexion actuelle.<\/p>\n\n\n\n<p>L&rsquo;AS SKA-LOFAR a pour r\u00f4le d&rsquo;estimer les besoins sp\u00e9cifiques de la communaut\u00e9 scientifique fran\u00e7aise. Nous avons choisi de d\u00e9marrer le travail en effectuant d&rsquo;abord un inventaire des projets actuels, en cours d&rsquo;exploitation \/ accept\u00e9s ou publi\u00e9s r\u00e9cemment, effectu\u00e9s avec les radio-t\u00e9lescopes en op\u00e9ration (ORN, NenuFar, LOFAR, MeerKAT, ASKAP\u2026), ou tout travail de mod\u00e9lisation ou de simulations num\u00e9riques qui viennent en appui \u00e0 l&rsquo;interpr\u00e9tation de ces observations. Nous cherchons \u00e0 identifier les projets auxquels participent des membres de communaut\u00e9 fran\u00e7aise, et d\u2019estimer les besoins en calcul et stockage de chaque projet.<\/p>\n\n\n\n<p>L&rsquo;AS SKA-LOFAR est d\u00e9j\u00e0 mobilis\u00e9e et vous avez peut-\u00eatre d\u00e9j\u00e0 \u00e9t\u00e9 contact\u00e9 par une des personnes suivantes impliqu\u00e9es dans ce recensement.<\/p>\n\n\n\n<ol class=\"wp-block-list\">\n<li>Cosmologie : Marta Spinelli et Simon Prunet<\/li>\n\n\n\n<li>EoR : Florent Mertens et Ad\u00e9lie Gorce<\/li>\n\n\n\n<li>\u00c9volution des galaxies : Matthieu B\u00e9thermin et Benjamin Magnelli<\/li>\n\n\n\n<li>Milieu interstellaire : Andrea Bracco et Antoine Marchal<\/li>\n\n\n\n<li>Formation d&rsquo;\u00e9toiles et plan\u00e8tes : Audrey Coutens et Romane Le Gal<\/li>\n\n\n\n<li>Pulsar Timing Array : Gilles Theureau et Antoine Petiteau<\/li>\n\n\n\n<li>Objets compacts : Cherry Ng et S\u00e9bastien Guillot<\/li>\n\n\n\n<li>Exo-plan\u00e8tes et \u00c9toiles : Philippe Zarka et Cyril Tasse<\/li>\n\n\n\n<li>Syst\u00e8me Solaire : Baptiste Cecconi et Carine Briand<\/li>\n<\/ol>\n\n\n\n<p>Si ce n&rsquo;est pas votre cas, et que vous \u00eates impliqu\u00e9 dans un projet observationnel radio basse fr\u00e9quence ou de mod\u00e9lisation \/ simulation associ\u00e9, veuillez contacter l&rsquo;AS SKA-LOFAR \u00e0 <a href=\"mailto:contact@as-ska-lofar.fr\" target=\"_blank\" rel=\"noreferrer noopener\">contact@as-ska-lofar.fr<\/a>, ou directement les personnes de cette liste relevant de votre th\u00e9matique scientifique.<\/p>\n\n\n\n<p>Transmis par Marc-Antoine Miville-Desch\u00eanes pour l\u2019Action Sp\u00e9cifique SKA-LOFAR<\/p>\n\n\n\n<h3 class=\"wp-block-heading\">3. 17\u00e8me congr\u00e8s de la Division Plasmas de la SFP, 14-16 mai 2024, Rouen, France<\/h3>\n\n\n\n<p>Nous vous rappelons la tenue TR\u00c8S PROCHAINE de notre Congr\u00e8s de la Division Plasmas de la SFP (14 au 16 mai prochains).<\/p>\n\n\n\n<p>Notre programme est quasiment boucl\u00e9 ! N&rsquo;h\u00e9sitez pas \u00e0 le consulter \u00e0 l&rsquo;adresse :<\/p>\n\n\n\n<p><a href=\"https:\/\/sfp-plasmas-2024.sciencesconf.org\/\">https:\/\/sfp-plasmas-2024.sciencesconf.org\/<\/a><\/p>\n\n\n\n<p>Les dates limites se rapprochent ! N&rsquo;oubliez pas que :<\/p>\n\n\n\n<p>la date limite pour le d\u00e9p\u00f4t des contributions (pr\u00e9sentations par poster) est le 13 avril,<br>la date limite pour les inscriptions est le 14 avril (\u00e0 tarif normal) et le 26 avril \u00e0 tarif major\u00e9.<\/p>\n\n\n\n<p>Transmis par Arnaud Bultel<\/p>\n\n\n\n<h3 class=\"wp-block-heading\">4. Journees Scientifiques PNCG \u00ab\u00a0Galaxies\u00a0\u00bb, 7-9 octobre 2024, Lyon, France<\/h3>\n\n\n\n<p>The French Programme National de Cosmologie et Galaxies (PNCG, <a href=\"https:\/\/pncg.lam.fr\/\" target=\"_blank\" rel=\"noreferrer noopener\">https:\/\/pncg.lam.fr\/<\/a>) organizes a national conference on Oct 7-9 2024 in Lyon on galaxy formation and evolution, nearby galaxies, and Galactic archeology.<\/p>\n\n\n\n<p>We particularly encourage researchers funded by the PNCG, students, postdocs, and young researchers in France or with ties to the French community to present their work. Registration is free of charge. We have limited funds to support travel to Lyon &#8212; please ask when registering if needed.<\/p>\n\n\n\n<p>We accept registrations and abstract submissions here: <a href=\"https:\/\/jpncg24.sciencesconf.org\/\" target=\"_blank\" rel=\"noreferrer noopener\">https:\/\/jpncg24.sciencesconf.org\/<\/a><\/p>\n\n\n\n<p>Presentations will be in English and in-person only. We welcome both talk and poster submissions, and we aim to include flash-talks for all poster presenters.<\/p>\n\n\n\n<p><strong>Key themes<\/strong><br>The first galaxies<br>Chemical enrichment and primordial gas<br>Statistical properties of galaxies<br>Interaction between galaxies and their environment<br>Galaxy groups and cluster<br>Nearby galaxies<br>Galactic archeology<br>Star formation and the interstellar medium<br>Stellar populations<br>Galactic dynamics and dark matter<br>Simulations, AI, neural networks, and data science<\/p>\n\n\n\n<p><strong>Key dates<\/strong><br>July 12th 2024: deadline for abstract submission<br>August 1st 2024: programme announced<br>Sept 6th 2024: deadline for registration<br>Oct 7th-9th 2024: Journ\u00e9es Scientifiques in Lyon<\/p>\n\n\n\n<p>The conference is locally organized by members of the Centre de Recherche Astrophysique de Lyon (CRAL) and will take place at the Ecole Normale Sup\u00e9rieure (ENS) de Lyon, in the \u00ab\u00a0Institut Fran\u00e7ais de l&rsquo;\u00c9ducation\u00a0\u00bb, 19 All\u00e9e de Fontenay, 69007 Lyon, room D8.001 on the ground floor.<\/p>\n\n\n\n<p>Transmis par Joakim Rosdahl<\/p>\n\n\n\n<h3 class=\"wp-block-heading\">5. Recherche des b\u00e9n\u00e9voles SpaceBus France du 20 juillet au 11 ao\u00fbt<\/h3>\n\n\n\n<p>L\u2019association SpaceBus France est \u00e0 la recherche d\u2019animateurs et d&rsquo;animatrices b\u00e9n\u00e9voles pour faire d\u00e9couvrir l\u2019astronomie au grand public du 22 juillet au 10 ao\u00fbt 2023.<\/p>\n\n\n\n<p>Le principe est d\u2019animer un \u00e9v\u00e9nement autour de l\u2019astronomie dans une ville diff\u00e9rente chaque jour pendant 3 semaines. Nous nous installons sur des places publiques pour pr\u00e9senter une dizaine d\u2019animations et faire ainsi d\u00e9couvrir l\u2019astronomie, l\u2019espace et les m\u00e9tiers scientifiques au grand public.<\/p>\n\n\n\n<p>Pour notre sixi\u00e8me \u00e9dition, nous arpenterons la Charente, la Vienne et la Haute Vienne. Cette \u00e9dition est d\u00e9coup\u00e9e en deux circuits : le premier du 20 au 30 juillet inclus et le deuxi\u00e8me du 31 juillet au 11 ao\u00fbt inclus. Nous avons besoin d\u2019une douzaine de b\u00e9n\u00e9voles pour chaque circuit.<\/p>\n\n\n\n<p>Pour information, les animations ont lieu (presque chaque jour) de 14h \u00e0 19h et les observations du ciel de 22h \u00e0 23h30. Pour d\u00e9couvrir nos animations et les \u00e9ditions pr\u00e9c\u00e9dentes, vous pouvez consulter notre site internet <a href=\"https:\/\/www.spacebusfrance.fr\">www.spacebusfrance.fr<\/a>.<\/p>\n\n\n\n<p>Alors que vous soyez doctorant-e, ing\u00e9nieur-e de recherche, ing\u00e9nieur-e d&rsquo;\u00e9tude, post-doctorant-e, chercheur-e, professeur-e, historien-ne ou philosophe des sciences\u2026 Inscrivez-vous pour venir animer \u00e0 nos c\u00f4t\u00e9s cet \u00e9t\u00e9 !<br>Pour vous inscrire, merci de remplir le formulaire d\u2019inscription (<a href=\"https:\/\/forms.gle\/jyueHg9Nro1yByQv5\" target=\"_blank\" rel=\"noreferrer noopener\">https:\/\/forms.gle\/jyueHg9Nro1yByQv5<\/a>) avant le 30 avril. Nous vous contacterons ensuite en mai pour une organisation plus pr\u00e9cise.<\/p>\n\n\n\n<p>Les interventions sont sur la base du b\u00e9n\u00e9volat. Toutes les d\u00e9penses sur place ainsi que le trajet sont pris en charge par SpaceBus France. Casquettes, tee-shirts, goodies et bonne ambiance seront \u00e9galement distribu\u00e9s !<\/p>\n\n\n\n<p>Nous restons \u00e0 votre disposition si vous avez des questions (<a href=\"mailto:edition-estivale@spacebusfrance.fr\" target=\"_blank\" rel=\"noreferrer noopener\">edition-estivale@spacebusfrance.fr<\/a>) et nous esp\u00e9rons vous voir nombreux venir profiter de cette formidable exp\u00e9rience humaine !<\/p>\n\n\n\n<p>Transmis par Diane Berard<\/p>\n\n\n\n<h3 class=\"wp-block-heading\">6. Annonce de parution Cahiers Clairaut 185<\/h3>\n\n\n\n<p>Le no 185 (printemps 2024) du trimestriel \u00ab\u00a0Les Cahiers Clairaut\u00a0\u00bb, la revue du Comit\u00e9 de liaison enseignants et astronomes (Clea), est paru.<\/p>\n\n\n\n<p>Le dossier de ce num\u00e9ro est consacr\u00e9 aux femmes astronomes : Isabelle Vauglin (Cral, Lyon) nous brosse un panorama des femmes en astronomie ; Ya\u00ebl Naz\u00e9 (univ. de Li\u00e8ge) nous raconte le fameux \u00ab\u00a0harem\u00a0\u00bb de Pickering ; un enseignant et des \u00e9l\u00e8ves exposent leurs projets sur le sujet.<\/p>\n\n\n\n<p>Le sommaire est \u00e0 d\u00e9couvrir l\u00e0 : <a href=\"http:\/\/clea-astro.eu\/vieclea\/productions-recentes\/cc\/cc185\/les-cahiers-clairaut-nb0185-printemps-2024\" target=\"_blank\" rel=\"noreferrer noopener\">http:\/\/clea-astro.eu\/vieclea\/productions-recentes\/cc\/cc185\/les-cahiers-clairaut-nb0185-printemps-2024<\/a><\/p>\n\n\n\n<p>N&rsquo;h\u00e9sitez pas \u00e0 nous soutenir en nous rejoignant et\/ou en abonnant votre institution. Et bien entendu, vous pouvez toujours nous proposer articles, activit\u00e9s p\u00e9dagogiques et autres exp\u00e9riences p\u00e9dagogiques pour publication.<\/p>\n\n\n\n<p>Transmis par Fr\u00e9d\u00e9ric Pitout<\/p>\n\n\n\n<hr class=\"wp-block-separator has-alpha-channel-opacity\"\/>\n\n\n\n<p>Pour faire passer vos messages, envoyez un mail au secr\u00e9tariat SF2A (<a href=\"mailto:secretariat@sf2a.eu\" target=\"_blank\" rel=\"noreferrer noopener\">secretariat@sf2a.eu<\/a>) avant le vendredi 18h pour une diffusion le lundi apr\u00e8s-midi suivant.<\/p>\n","protected":false},"excerpt":{"rendered":"<h4>Message SF2A No 1082 &#8211; 1\/04\/24<\/h4>\n<p>\n1. Prix Camille Flammarion de la m\u00e9diation scientifique pour les jeunes chercheurs<br \/>\n2. Sondage radio-astronomie &#8211; dimensionnement d&rsquo;un futur centre fran\u00e7ais des donn\u00e9es radio basses fr\u00e9quences<br \/>\n3. 17\u00e8me congr\u00e8s de la Division Plasmas de la SFP, 14-16 mai 2024, Rouen, France<br \/>\n4. Journees Scientifiques PNCG \u00ab\u00a0Galaxies\u00a0\u00bb, 7-9 octobre 2024, Lyon, France<br \/>\n5. Recherche des b\u00e9n\u00e9voles SpaceBus France du 20 juillet au 11 ao\u00fbt<br \/>\n6. Annonce de parution Cahiers Clairaut 185<\/p>\n","protected":false},"author":1,"featured_media":0,"comment_status":"closed","ping_status":"open","sticky":false,"template":"","format":"standard","meta":{"saved_in_kubio":false,"footnotes":""},"categories":[1],"tags":[],"class_list":["post-1618","post","type-post","status-publish","format-standard","hentry","category-uncategorized"],"_links":{"self":[{"href":"https:\/\/sf2a.eu\/website2023\/wp-json\/wp\/v2\/posts\/1618","targetHints":{"allow":["GET"]}}],"collection":[{"href":"https:\/\/sf2a.eu\/website2023\/wp-json\/wp\/v2\/posts"}],"about":[{"href":"https:\/\/sf2a.eu\/website2023\/wp-json\/wp\/v2\/types\/post"}],"author":[{"embeddable":true,"href":"https:\/\/sf2a.eu\/website2023\/wp-json\/wp\/v2\/users\/1"}],"replies":[{"embeddable":true,"href":"https:\/\/sf2a.eu\/website2023\/wp-json\/wp\/v2\/comments?post=1618"}],"version-history":[{"count":1,"href":"https:\/\/sf2a.eu\/website2023\/wp-json\/wp\/v2\/posts\/1618\/revisions"}],"predecessor-version":[{"id":1619,"href":"https:\/\/sf2a.eu\/website2023\/wp-json\/wp\/v2\/posts\/1618\/revisions\/1619"}],"wp:attachment":[{"href":"https:\/\/sf2a.eu\/website2023\/wp-json\/wp\/v2\/media?parent=1618"}],"wp:term":[{"taxonomy":"category","embeddable":true,"href":"https:\/\/sf2a.eu\/website2023\/wp-json\/wp\/v2\/categories?post=1618"},{"taxonomy":"post_tag","embeddable":true,"href":"https:\/\/sf2a.eu\/website2023\/wp-json\/wp\/v2\/tags?post=1618"}],"curies":[{"name":"wp","href":"https:\/\/api.w.org\/{rel}","templated":true}]}}