{"id":1638,"date":"2024-04-07T09:30:56","date_gmt":"2024-04-07T07:30:56","guid":{"rendered":"https:\/\/sf2a.eu\/website2023\/?p=1638"},"modified":"2024-04-08T09:24:34","modified_gmt":"2024-04-08T07:24:34","slug":"message-sf2a-no-1083","status":"publish","type":"post","link":"https:\/\/sf2a.eu\/website2023\/message-sf2a-no-1083\/","title":{"rendered":"Message SF2A No 1083"},"content":{"rendered":"\n<h2 class=\"wp-block-heading\">Message SF2A No 1083 &#8211; 8\/04\/24<\/h2>\n\n\n\n<ol class=\"wp-block-list\">\n<li>Renouvellement du conseil de la SF2A &#8211; Date limite vendredi 12 avril 2024<\/li>\n\n\n\n<li>Prix Ciel &amp; Espace 2024<\/li>\n\n\n\n<li>Enqu\u00eate pour la prospective INSU\/AA &#8211; Date limite 17 mai 2024<\/li>\n\n\n\n<li>CPJ SKA \/ Big data \/ IA \u00e0 l\u2019universit\u00e9 de Strasbourg \/ ObAS<\/li>\n\n\n\n<li>First ESA Directorate of Science Townhall, May 28, online<\/li>\n\n\n\n<li>Summer school, Observing with Adaptive Optics, September 29th &#8211; October 4th, 2024, Observatoire Haute Provence (France)<\/li>\n\n\n\n<li>Ecole Evry Schatzman, Les disques et la formation plan\u00e9taire \u00e0 l\u2019\u00e8re JWST et ELT, 30 septembre &#8211; 4 octobre, 2024, Roscoff (France)<\/li>\n\n\n\n<li>Journ\u00e9es Scientifiques PNCG \u201cGalaxies\u201d, 7-9 octobre, 2024, Lyon (France)<\/li>\n\n\n\n<li>Le num\u00e9ro d\u2019avril du magazine de la SAF, l\u2019Astronomie est paru.<\/li>\n<\/ol>\n\n\n\n<h3 class=\"wp-block-heading\">1. Renouvellement du conseil de la SF2A &#8211; Date limite 12 avril 2024, 12h CEST<\/h3>\n\n\n\n<p>La Soci\u00e9t\u00e9 Fran\u00e7aise d\u2019Astronomie et d\u2019Astrophysique (SF2A), association loi 1901, a pour but de contribuer au d\u00e9veloppement et au rayonnement de l\u2019astronomie en France et d\u2019y associer l\u2019ensemble des sp\u00e9cialistes d\u2019astronomie concourant \u00e0 ce m\u00eame objectif. Sous le haut patronage de l\u2019Acad\u00e9mie des Sciences, elle coordonne les actions et assure la repr\u00e9sentation de la communaut\u00e9 fran\u00e7aise dans l\u2019Union Astronomique Internationale (IAU) ainsi qu\u2019\u00e0 l\u2019European Astronomical Society (EAS). Plus d\u2019informations sur les r\u00f4les de la SF2A sont explicit\u00e9s sur la plaquette d\u2019informations :<\/p>\n\n\n\n<p><a href=\"https:\/\/sf2a.eu\/website2023\/wp-content\/uploads\/2022\/04\/pdf_plaquette_SF2A_A3.pdf\">https:\/\/sf2a.eu\/website2023\/wp-content\/uploads\/2022\/04\/pdf_plaquette_SF2A_A3.pdf<\/a><\/p>\n\n\n\n<p>La SF2A est administr\u00e9e par un Conseil d\u2019Administration de 12 membres \u00e9lus pour 4 ans par l\u2019Assembl\u00e9e G\u00e9n\u00e9rale au scrutin secret, uninominal, majoritaire \u00e0 un tour.<\/p>\n\n\n\n<p>La moiti\u00e9 du conseil de la SF2A doit \u00eatre renouvel\u00e9e en 2024, soit six personnes. Les membres du Conseil dont le mandat arrive \u00e0 terme sont : Arnaud Siebert (secr\u00e9taire), Mamadou N\u2019Diaye (Tr\u00e9sorier adjoint), Danielle Briot, Eric Lagadec, Fr\u00e9d\u00e9ric Pitout (Responsable formation), Johan Richard (Responsable R\u00e9seaux sociaux).<\/p>\n\n\n\n<p>Nous sollicitons d\u00e8s aujourd\u2019hui des candidatures. Sont \u00e9ligibles les personnes \u00e0 jour de leur cotisation SF2A en 2024. Une candidature doit \u00eatre accompagn\u00e9e d\u2019une profession de foi d\u2019une page maximum au format pdf.<\/p>\n\n\n\n<p>Les candidatures sont \u00e0 envoyer au secr\u00e9tariat de la SF2A (<a href=\"mailto:secretariat@sf2a.eu\">secretariat@sf2a.eu<\/a>) avec l\u2019objet \u00ab Candidature SF2A \u00bb. La date limite de r\u00e9ception est fix\u00e9e au vendredi 12 avril midi.<\/p>\n\n\n\n<p>Le vote \u00e9lectronique sera mis en place durant la deuxi\u00e8me quinzaine d\u2019avril et les r\u00e9sultats seront annonc\u00e9s lors de l\u2019Assembl\u00e9e G\u00e9n\u00e9rale, pendant les journ\u00e9es annuelles de la SF2A qui se tiendront \u00e0 Marseille du 4 au 7 juin 2024.<\/p>\n\n\n\n<p>Bien cordialement,<\/p>\n\n\n\n<p>Nad\u00e8ge Lagarde pour le conseil de la SF2A<\/p>\n\n\n\n<h3 class=\"wp-block-heading\">2. Prix Ciel &amp; Espace 2024<\/h3>\n\n\n\n<p>La SF2A est associ\u00e9e chaque ann\u00e9e \u00e0 la remise du prix Ciel et Espace du livre d&rsquo;Astronomie ainsi que du prix Andr\u00e9 Brahic du livre d&rsquo;Astronomie Jeunesse.<\/p>\n\n\n\n<p>Le Prix du livre Ciel &amp; Espace 2024 a \u00e9t\u00e9 attribu\u00e9 \u00e0 Miho Janvier pour \u00ab\u00a0Les secrets du Soleil\u00a0\u00bb et le prix Andr\u00e9 Brahic du livre d&rsquo;astronomie jeunesse \u00e0 Nor\u00e9dine Benazdia et L\u00e9onie K\u0153lsch pour \u00ab\u00a0Dans la peau d\u2019une astronaute\u00a0\u00bb.<br><\/p>\n\n\n\n<p>Plus de d\u00e9tails ici :<br><a href=\"https:\/\/www.cieletespace.fr\/actualites\/felicitations-aux-laureats-des-prix-ciel-espace-2024\" target=\"_blank\" rel=\"noreferrer noopener\">https:\/\/www.cieletespace.fr\/actualites\/felicitations-aux-laureats-des-prix-ciel-espace-2024<\/a><\/p>\n\n\n\n<p>Transmis par Nad\u00e8ge Lagarde<\/p>\n\n\n\n<h3 class=\"wp-block-heading\">3. Enqu\u00eate pour la prospective INSU\/AA &#8211; Date limite 17 mai 2024<\/h3>\n\n\n\n<p>You are invited to respond to a survey that will help us better understand aspects of equality, diversity, and inclusion within our community.<br>This survey aims to assess the impact of various factors such as gender identity, sexual orientation, disability situations, and socio-economic backgrounds on access to careers in astronomy and astrophysics, and on career progression within our community.<br>Through your participation, we hope to identify the challenges and needs faced in our community, to become collectively aware of them, and to propose measures to improve the situation.<\/p>\n\n\n\n<p><a href=\"https:\/\/framaforms.org\/prospective-insuaa-gt1-egalite-diversite-inclusion-1711442706\">https:\/\/framaforms.org\/prospective-insuaa-gt1-egalite-diversite-inclusion-1711442706<\/a><\/p>\n\n\n\n<p>This survey, which will only take a few minutes of your time, is an opportunity for you to share your experience and perception. Your responses will remain completely anonymous and will be treated with the utmost confidentiality. It is important that the entire community engages, regardless of status (PhD student, postdoctoral researcher, technician, engineer, researcher, teaching researcher, tenured or not).<\/p>\n\n\n\n<p>The deadline for contributing to the survey is Friday May 17th 2024.<\/p>\n\n\n\n<p>Thanks in advance for your contribution!<\/p>\n\n\n\n<p>Transmis par Aur\u00e9lie Guilbert-Lepoutre<\/p>\n\n\n\n<h3 class=\"wp-block-heading\">4. CPJ SKA \/ Big data \/ IA \u00e0 l\u2019universit\u00e9 de Strasbourg \/ ObAS<\/h3>\n\n\n\n<p>L\u2019universit\u00e9 de Strasbourg s&rsquo;appr\u00eate \u00e0 ouvrir une Chaire de Professeur Junior (CPJ) sur un projet intitul\u00e9 \u00ab\u00a0Grandes masses de donn\u00e9es \u00e0 l\u2019\u00e8re de SKA\u00a0\u00bb, qui sera men\u00e9 au sein de l\u2019Observatoire astronomique de Strasbourg (ObAS).<\/p>\n\n\n\n<p>Le profil recherch\u00e9 est celui d\u2019une personne de haut niveau, ayant d\u00e9j\u00e0 une forte exp\u00e9rience internationale autour du big data, en particulier en astronomie. Elle sera amen\u00e9e \u00e0 appliquer \u00e0 l\u2019exploitation des cubes de donn\u00e9es g\u00e9n\u00e9r\u00e9s par SKA les d\u00e9veloppements effectu\u00e9s dans le domaine des math\u00e9matiques et de l\u2019informatique autour du big data et\/ou de l\u2019intelligence artificielle.<br>Le service d&rsquo;enseignement portera, entre autres, sur la science des donn\u00e9es, et pourra \u00eatre effectu\u00e9 au sein du parcours de master \u00ab\u00a0Astrophysics and data science\u00a0\u00bb g\u00e9r\u00e9 par l\u2019ObAS et\/ou dans d&rsquo;autres composantes de l\u2019universit\u00e9 avec lesquelles l\u2019observatoire astronomique entretient des relations \u00e9troites.<br>Durant la dur\u00e9e de la CPJ, et avant la titularisation comme professeur, la ou le titulaire b\u00e9n\u00e9ficiera d\u2019un accompagnement financier de l\u2019ANR.<br>Pour plus de renseignements, vous pouvez envoyer un message \u00e0 <a href=\"mailto:directeur@astro.unistra.fr\">directeur@astro.unistra.fr<\/a> et consulter le site <a href=\"https:\/\/www.galaxie.enseignementsup-recherche.gouv.fr\/ensup\/cand_CPJ.htm\" target=\"_blank\" rel=\"noreferrer noopener\">GALAXIE<\/a> du MESR o\u00f9 sera bient\u00f4t diffus\u00e9 l\u2019annonce du poste.<\/p>\n\n\n\n<p>Transmis par Pierre-Alain Duc<\/p>\n\n\n\n<h3 class=\"wp-block-heading\">5. First ESA Directorate of Science Townhall, May 28, online<\/h3>\n\n\n\n<p>The first ESA Directorate of Science Townhall will be held virtually on 28 May, from 9:30 to 12:30 CEST.<\/p>\n\n\n\n<p>The townhall will offer the opportunity for direct exchange between the Directorate\u2019s executive and the broader scientific community, including current and future users of ESA\u2019s missions. It will allow to introduce the long-term vision of ESA\u2019s Science programme and provide a channel to listen to the views, ambitions, and requests from the scientific community<\/p>\n\n\n\n<p>To do so, the townhall will provide an introduction to ESA\u2019s Science Programme, which is co-developed in a bottom-up approach from within the member states. This will be followed by discussions of the advisory structure of the Directorate, the status of the Cosmic Vision programme, including LISA and NewAthena, and the status of and plans for Voyage 2050. We will further discuss ways in which community members of different career levels can benefit from and engage with the Science Programme, with ample time for Q&amp;A and feedback from the community with myself, my leadership team, and key members of the advisory structure.<\/p>\n\n\n\n<p>The event will be held fully online to ensure maximum accessibility. More information, including a possibility to register, will follow in the next weeks.<\/p>\n\n\n\n<p>Transmis par Olivier La Marle<\/p>\n\n\n\n<h3 class=\"wp-block-heading\">6. Summer school, Observing with Adaptive Optics, September 29th &#8211; October 4th, 2024, Observatoire Haute Provence (France)<\/h3>\n\n\n\n<p>We are organizing a (late) summer school &#8211; Observing with Adaptive Optics &#8211; from 29th September to 4th October 2024, at Observatoire Haute Provence.<\/p>\n\n\n\n<p><a href=\"https:\/\/indico.ict.inaf.it\/event\/2791\/overview\" target=\"_blank\" rel=\"noreferrer noopener\">https:\/\/indico.ict.inaf.it\/event\/2791\/overview<\/a><\/p>\n\n\n\n<p>Among others, the school will include observations with PAPYRUS at the 1.52m telescope.<\/p>\n\n\n\n<p>The school is funded by the ORP network (<a href=\"https:\/\/www.orp-h2020.eu\/\" target=\"_blank\" rel=\"noreferrer noopener\">https:\/\/www.orp-h2020.eu\/<\/a>) and apart from travel to\/from Marseille, all other expenses will be covered by the organization.<\/p>\n\n\n\n<p>Registration is open until May 1st, so don&rsquo;t hesitate to participate and share the information !<\/p>\n\n\n\n<p>Transmis par Benoit Neichel<\/p>\n\n\n\n<h3 class=\"wp-block-heading\">7. Ecole Evry Schatzman, Les disques et la formation plan\u00e9taire \u00e0 l\u2019\u00e8re JWST et ELT, 30 septembre &#8211; 4 octobre, 2024, Roscoff (France)<\/h3>\n\n\n\n<p>We are pleased to announce the opening of registrations for the 2024 edition of the Evry Schatzman School devoted to \u00ab\u00a0Disks and planetary formation in the era of JWST and ELT\u00a0\u00bb.<\/p>\n\n\n\n<p>EES2024 is a CNRS thematic school for continuing education open to any researcher (early stage ot experienced) wishing to learn about proto-planetary disks and planetary formation, and\/or with a view to preparing observing programs on the major existing or future instruments in the discipline, notably the JWST and the first-generation ELT instruments.<\/p>\n\n\n\n<p>The school will take place from September 30 to October 4, 2024 at the CNRS biological station in Roscoff, Brittany.<\/p>\n\n\n\n<p>Registration is open from April 5, 2024 to June 24, 2024. The number of participants is limited to 40.<\/p>\n\n\n\n<p>For more information concerning the program and the registration consult: <a href=\"https:\/\/ees2024.sciencesconf.org\/\">https:\/\/ees2024.sciencesconf.org\/<\/a><\/p>\n\n\n\n<p>Transmis par Catherine Dougados<\/p>\n\n\n\n<h3 class=\"wp-block-heading\">8. Journ\u00e9es Scientifiques PNCG \u201cGalaxies\u201d, 7-9 octobre, 2024, Lyon (France)<\/h3>\n\n\n\n<p>The French Programme National de Cosmologie et Galaxies (PNCG, <a href=\"https:\/\/pncg.lam.fr\/\" target=\"_blank\" rel=\"noreferrer noopener\">https:\/\/pncg.lam.fr\/<\/a>) organizes a national conference on Oct 7-9 2024 in Lyon on galaxy formation and evolution, nearby galaxies, and Galactic archeology.<\/p>\n\n\n\n<p>We particularly encourage researchers funded by the PNCG, students, postdocs, and young researchers in France or with ties to the French community to present their work. Registration is free of charge. We have limited funds to support travel to Lyon &#8212; please ask when registering if needed.<\/p>\n\n\n\n<p>We accept registrations and abstract submissions here: <a href=\"https:\/\/jpncg24.sciencesconf.org\/\" target=\"_blank\" rel=\"noreferrer noopener\">https:\/\/jpncg24.sciencesconf.org\/<\/a><\/p>\n\n\n\n<p>Presentations will be in English and in-person only. We welcome both talk and poster submissions, and we aim to include flash-talks for all poster presenters.<\/p>\n\n\n\n<p><strong>Key themes<\/strong><br>The first galaxies<br>Chemical enrichment and primordial gas<br>Statistical properties of galaxies<br>Interaction between galaxies and their environment<br>Galaxy groups and cluster<br>Nearby galaxies<br>Galactic archeology<br>Star formation and the interstellar medium<br>Stellar populations<br>Galactic dynamics and dark matter<br>Simulations, AI, neural networks, and data science<\/p>\n\n\n\n<p><strong>Key dates<\/strong><br>July 12th 2024: deadline for abstract submission<br>August 1st 2024: programme announced<br>Sept 6th 2024: deadline for registration<br>Oct 7th-9th 2024: Journ\u00e9es Scientifiques in Lyon<\/p>\n\n\n\n<p>The conference is locally organized by members of the Centre de Recherche Astrophysique de Lyon (CRAL) and will take place at the Ecole Normale Sup\u00e9rieure (ENS) de Lyon, in the \u00ab\u00a0Institut Fran\u00e7ais de l&rsquo;\u00c9ducation\u00a0\u00bb, 19 All\u00e9e de Fontenay, 69007 Lyon, room D8.001 on the ground floor.<\/p>\n\n\n\n<p>Transmis par Joakim Rosdahl<\/p>\n\n\n\n<h3 class=\"wp-block-heading\">9. Le num\u00e9ro d\u2019avril du magazine de la SAF, l\u2019Astronomie est paru.<\/h3>\n\n\n\n<p>Le num\u00e9ro d\u2019avril (n\u00b0181) du magazine de la SAF, l\u2019Astronomie est paru.<\/p>\n\n\n\n<p>Dans le Zoom, J. Lequeux (OP) r\u00e9sume les derniers progr\u00e8s qui ont \u00e9t\u00e9 faits dans la compr\u00e9hension de la formation des \u00e9toiles et de leur \u00e9volution. Dans la rubrique Actualit\u00e9s F. Mottez (OP) r\u00e9v\u00e8le que la supernova SN1987A a laiss\u00e9 place \u00e0 une \u00e9toile \u00e0 neutrons. F. Deschamps (IESA, Taipei, Taiwan) montre la pr\u00e9sence d\u2019azote 15 dans l\u2019atmosph\u00e8re d\u2019une naine brune et l\u2019influence de l\u2019hydrog\u00e8ne mol\u00e9culaire comme source d\u2019\u00e9nergie pour certaines formes de vie primitive sur Terre. J. Borg (IAS) explique la difficile analyse des poussi\u00e8res de l\u2019ast\u00e9ro\u00efde Bennu. T. Encrenaz r\u00e9v\u00e8le l\u2019existence d\u2019un cinqui\u00e8me oc\u00e9an interne dans le Syst\u00e8me solaire ext\u00e9rieur et M. Spite (OP) la d\u00e9couverte d\u2019un nouveau courant d\u2019\u00e9toiles. Dans la rubrique Spatial, J. Bocherens (SAF) commente le retour manqu\u00e9 de l\u2019Am\u00e9rique sur la surface de la Lune alors que F. Mottez pr\u00e9sente les projets phares de l\u2019Europe.<\/p>\n\n\n\n<p>Dans la rubrique Observations et travaux A. Sallez (SAF) pr\u00e9sente l&rsquo;occultation de B\u00e9telgeuse par Leona \u00e0 laquelle ont particip\u00e9 de nombreux amateurs. G.Raffaitin et E. Evrard (SAF) nous invitent \u00e0 observer la constellation du Lion et la galaxie M101 et A. Sallez pr\u00e9sente une image \u00e0 tr\u00e8s longue pose de la n\u00e9buleuse de la Tarentule.<\/p>\n\n\n\n<p>Pour vous informer sur le num\u00e9ro en cours et les num\u00e9ros pr\u00e9c\u00e9dents, ou vous abonner, voir <a href=\"https:\/\/lastronomie.fr\">https:\/\/lastronomie.fr<\/a><\/p>\n\n\n\n<p>Transmis par Nicole Mein<\/p>\n\n\n\n<hr class=\"wp-block-separator has-alpha-channel-opacity\"\/>\n\n\n\n<p>Pour faire passer vos messages, envoyez un mail au secr\u00e9tariat SF2A (<a href=\"mailto:secretariat@sf2a.eu\">secretariat@sf2a.eu<\/a>) avant le vendredi 18h pour une diffusion le lundi apr\u00e8s-midi suivant.<\/p>\n","protected":false},"excerpt":{"rendered":"<h4>Message SF2A No 1083 &#8211; 8\/04\/24<\/h4>\n<p>\n1. Renouvellement du conseil de la SF2A &#8211; Date limite vendredi 12 avril 2024<br \/>\n2. Prix Ciel &#038; Espace 2024<br \/>\n3. Enqu\u00eate pour la prospective INSU\/AA &#8211; Date limite 17 mai 2024<br \/>\n4. CPJ  SKA \/ Big data \/ IA \u00e0 l\u2019universit\u00e9 de Strasbourg \/ ObAS<br \/>\n5. First ESA Directorate of Science Townhall, May 28, online<br \/>\n6. Summer school, Observing with Adaptive Optics, September 29th &#8211; October 4th, 2024, Observatoire Haute Provence (France)<br \/>\n7. Ecole Evry Schatzman, Les disques et la formation plan\u00e9taire \u00e0 l\u2019\u00e8re JWST et ELT, 30 septembre &#8211; 4 octobre, 2024, Roscoff (France)<br \/>\n8. Journ\u00e9es Scientifiques PNCG \u201cGalaxies\u201d, 7-9 octobre, 2024, Lyon (France)<br \/>\n9. Le num\u00e9ro d\u2019avril du magazine de la SAF, l\u2019Astronomie est paru.<\/p>\n","protected":false},"author":1,"featured_media":0,"comment_status":"closed","ping_status":"open","sticky":false,"template":"","format":"standard","meta":{"saved_in_kubio":false,"footnotes":""},"categories":[1],"tags":[],"class_list":["post-1638","post","type-post","status-publish","format-standard","hentry","category-uncategorized"],"_links":{"self":[{"href":"https:\/\/sf2a.eu\/website2023\/wp-json\/wp\/v2\/posts\/1638","targetHints":{"allow":["GET"]}}],"collection":[{"href":"https:\/\/sf2a.eu\/website2023\/wp-json\/wp\/v2\/posts"}],"about":[{"href":"https:\/\/sf2a.eu\/website2023\/wp-json\/wp\/v2\/types\/post"}],"author":[{"embeddable":true,"href":"https:\/\/sf2a.eu\/website2023\/wp-json\/wp\/v2\/users\/1"}],"replies":[{"embeddable":true,"href":"https:\/\/sf2a.eu\/website2023\/wp-json\/wp\/v2\/comments?post=1638"}],"version-history":[{"count":3,"href":"https:\/\/sf2a.eu\/website2023\/wp-json\/wp\/v2\/posts\/1638\/revisions"}],"predecessor-version":[{"id":1655,"href":"https:\/\/sf2a.eu\/website2023\/wp-json\/wp\/v2\/posts\/1638\/revisions\/1655"}],"wp:attachment":[{"href":"https:\/\/sf2a.eu\/website2023\/wp-json\/wp\/v2\/media?parent=1638"}],"wp:term":[{"taxonomy":"category","embeddable":true,"href":"https:\/\/sf2a.eu\/website2023\/wp-json\/wp\/v2\/categories?post=1638"},{"taxonomy":"post_tag","embeddable":true,"href":"https:\/\/sf2a.eu\/website2023\/wp-json\/wp\/v2\/tags?post=1638"}],"curies":[{"name":"wp","href":"https:\/\/api.w.org\/{rel}","templated":true}]}}