{"id":1720,"date":"2024-04-29T07:45:24","date_gmt":"2024-04-29T05:45:24","guid":{"rendered":"https:\/\/sf2a.eu\/website2023\/?p=1720"},"modified":"2024-04-29T07:45:24","modified_gmt":"2024-04-29T05:45:24","slug":"message-sf2a-no-1086","status":"publish","type":"post","link":"https:\/\/sf2a.eu\/website2023\/message-sf2a-no-1086\/","title":{"rendered":"Message SF2A No 1086"},"content":{"rendered":"\n<h2 class=\"wp-block-heading\">Message SF2A No 1086 &#8211; 29\/04\/24<\/h2>\n\n\n\n<ol class=\"wp-block-list\">\n<li>Feedback opportunity for Horizon Europe work programme 2025 &#8211; European Commission (europa.eu)<\/li>\n\n\n\n<li>Annonce CPJ OCA, Nice (France)<\/li>\n\n\n\n<li>Recrutement de trois scientifiques \u00e0 temps partiel au International Space Science Institute, Berne (Suisse)<\/li>\n\n\n\n<li>CDI Coordination des activit\u00e9s d&rsquo;animation et de formation en astronomie AFA<\/li>\n\n\n\n<li>Reminder: Invitation to a LiteBIRD-Day meeting, May 13, 2024, APC, Paris (France)<\/li>\n\n\n\n<li>Webinaire de la Soci\u00e9t\u00e9 Fran\u00e7aise d\u2019Exobiologie, jeudi 13 Juin 17h.<\/li>\n<\/ol>\n\n\n\n<h3 class=\"wp-block-heading\">1. Feedback opportunity for Horizon Europe work programme 2025 &#8211; European Commission<\/h3>\n\n\n\n<p>La Commission europ\u00e9enne a lanc\u00e9 une consultation publique en vue de la pr\u00e9paration du programme de travail principal d\u2019Horizon Europe 2025 : Feedback opportunity for Horizon Europe work programme 2025 &#8211; European Commission (<a href=\"http:\/\/europa.eu\" target=\"_blank\" rel=\"noreferrer noopener\">europa.eu<\/a>)<\/p>\n\n\n\n<p><a href=\"https:\/\/research-and-innovation.ec.europa.eu\/funding\/funding-opportunities\/funding-programmes-and-open-calls\/horizon-europe\/horizon-europe-work-programmes\/feedback-opportunity-horizon-europe-work-programme-2025_en\" target=\"_blank\" rel=\"noreferrer noopener\">https:\/\/research-and-innovation.ec.europa.eu\/funding\/funding-opportunities\/funding-programmes-and-open-calls\/horizon-europe\/horizon-europe-work-programmes\/feedback-opportunity-horizon-europe-work-programme-2025_en<\/a><\/p>\n\n\n\n<p>Elle se cl\u00f4turera le 6 mai prochain \u00e0 midi.<\/p>\n\n\n\n<p>Transmis par Aur\u00e9lie Marchaudon<\/p>\n\n\n\n<h3 class=\"wp-block-heading\">2. Annonce CPJ OCA, Nice (France)<\/h3>\n\n\n\n<p>Un poste de Chaire de professeur junior est ouvert \u00e0 l&rsquo;Observatoire de la C\u00f4te d&rsquo;Azur (Nice, France) sur la th\u00e9matique Ondes gravitationnelles: des d\u00e9tecteurs \u00e0 l\u2019astronomie multi-messagers.<\/p>\n\n\n\n<p>Voir : <a href=\"https:\/\/www.oca.eu\/fr\/offre-d-emploi-oca\/4867-chaire-de-professeur-junior-ondes-gravitationnelles-des-detecteurs-a-l-astronomie-multi-messagers\" target=\"_blank\" rel=\"noreferrer noopener\">https:\/\/www.oca.eu\/fr\/offre-d-emploi-oca\/4867-chaire-de-professeur-junior-ondes-gravitationnelles-des-detecteurs-a-l-astronomie-multi-messagers<\/a><\/p>\n\n\n\n<p>La date limite de d\u00e9p\u00f4t des candidatures est fix\u00e9e au 21 mai.<\/p>\n\n\n\n<p>Apr\u00e8s une p\u00e9riode de titularisation de cinq ans, il y aura une \u00e9valuation. Si l&rsquo;\u00e9valuation est r\u00e9ussie, la personne devient astronome du CNAP. Cette position sera li\u00e9e au SNO Virgo ou au SNO LISA.<\/p>\n\n\n\n<p>Pour toute question concernant ce poste, veuillez vous adresser \u00e0 :<br>Nelson Christensen &#8211; <a href=\"mailto:nelson.christensen@oca.eu\">nelson.christensen@oca.eu<\/a><br>Marie Anne Bizouard (SNO Virgo) &#8211; <a href=\"mailto:marieanne.bizouard@oca.eu\">marieanne.bizouard@oca.eu<\/a><br>Astrid Lamberts (SNO LISA) &#8211; <a href=\"mailto:astrid.lamberts@oca.eu\">astrid.lamberts@oca.eu<\/a><\/p>\n\n\n\n<p>Transmis par Nelson Christensen<\/p>\n\n\n\n<h3 class=\"wp-block-heading\">3. Recrutement de trois scientifiques \u00e0 temps partiel au International Space Science Institute, Berne (Suisse)<\/h3>\n\n\n\n<p>L&rsquo;International Space Science Institute (ISSI, Berne) recrute trois scientifiques en milieu de carri\u00e8re ou seniors et internationalement reconnus, dans les disciplines suivantes: 1) Sciences des exoplan\u00e8tes, 2) Sciences plan\u00e9taires et 3) Sciences du climat (observations depuis l&rsquo;espace). Leur r\u00f4le principal est l&rsquo;animation scientifique autour des trois axes ci-dessus. Il s&rsquo;agit d&#8217;emplois r\u00e9mun\u00e9r\u00e9s \u00e0 temps partiel (20-40 jours\/an).<\/p>\n\n\n\n<p>Pour en savoir plus: <a href=\"https:\/\/www.issibern.ch\/ds-application\/\" target=\"_blank\" rel=\"noreferrer noopener\">https:\/\/www.issibern.ch\/ds-application\/<\/a><\/p>\n\n\n\n<p>Transmis par Thierry Dudok de Wit (<a href=\"mailto:ddwit@issibern.ch\">ddwit@issibern.ch<\/a>)<\/p>\n\n\n\n<h3 class=\"wp-block-heading\">4. CDI Coordination des activit\u00e9s d&rsquo;animation et de formation en astronomie AFA<\/h3>\n\n\n\n<p>L\u2019Association Fran\u00e7aise d\u2019Astronomie (AFA) cherche \u00e0 recruter en CDI, pour un poste de coordination des activit\u00e9s d&rsquo;animation et de formation en astronomie. La fiche de poste se trouve sur cette page : <a href=\"https:\/\/www.afastronomie.fr\/offre-emploi\" target=\"_blank\" rel=\"noreferrer noopener\">https:\/\/www.afastronomie.fr\/offre-emploi<\/a><\/p>\n\n\n\n<p>Transmis par Louise Musset<\/p>\n\n\n\n<h3 class=\"wp-block-heading\">5. Reminder: Invitation to a LiteBIRD-Day meeting, May 13, 2024, APC, Paris (France)<\/h3>\n\n\n\n<p>This is a reminder of the invitation to the presentation of the LiteBIRD mission, which has been selected by JAXA as a Strategic Large-Class mission to be launched in 2033.<\/p>\n\n\n\n<p>This day meeting will be organised on <strong>Monday 13th of May at APC<\/strong>, in the amphith\u00e9\u00e2tre Pierre Gilles de Gennes. We emphasise that this meeting is open to all.<\/p>\n\n\n\n<p>It will be the opportunity to share with you the latest status of the LiteBIRD project, in terms of science goals, instrumental design, and international organisation.<\/p>\n\n\n\n<p>You may find the detailed agenda of the meeting here : <a href=\"https:\/\/indico.in2p3.fr\/event\/32453\" target=\"_blank\" rel=\"noreferrer noopener\">https:\/\/indico.in2p3.fr\/event\/32453<\/a><\/p>\n\n\n\n<p>In order to prepare the logistic aspects, we also ask you to register at the indico link above.<\/p>\n\n\n\n<p>A remote connection will be made available on the indico site as soon as possible.<\/p>\n\n\n\n<p>Please feel free to forward this information to anyone who might be interested.<\/p>\n\n\n\n<p>Transmis par Ludovic Montier on behalf of LiteBIRD-France<\/p>\n\n\n\n<h3 class=\"wp-block-heading\">6. Webinaire de la Soci\u00e9t\u00e9 Fran\u00e7aise d\u2019Exobiologie, jeudi 13 Juin 17h.<\/h3>\n\n\n\n<p>Le prochain webinaire de la Soci\u00e9t\u00e9 Fran\u00e7aise d\u2019Exobiologie aura lieu le jeudi 13 Juin \u00e0 17h.<\/p>\n\n\n\n<p>Il aura pour th\u00e8me : \u00ab R\u00e9inventer l\u2019origine de la vie en laboratoire \u00bb, par Philippe Nghe, directeur du laboratoire de biophysique et \u00e9volution \u00e0 l\u2019ESPCI.<\/p>\n\n\n\n<p>Inscription obligatoire : <a href=\"https:\/\/forms.gle\/J7QfHrpaM5qhATL18\" target=\"_blank\" rel=\"noreferrer noopener\">https:\/\/forms.gle\/J7QfHrpaM5qhATL18<\/a><\/p>\n\n\n\n<p>\u00ab L\u2019origine de la vie ne peut \u00eatre d\u00e9couverte ; elle doit \u00eatre r\u00e9invent\u00e9e \u00bb. Cette citation du chimiste Albert Eschenmoser est r\u00e9v\u00e9latrice de la nature particuli\u00e8re de la question des origines : contrairement \u00e0 d\u2019autres ph\u00e9nom\u00e8nes naturels, on n\u2019observe pas d\u2019apparition de la vie dans notre environnement. De plus, on ne conna\u00eet pour le moment qu\u2019une seule forme de vie, la n\u00f4tre. Plut\u00f4t qu\u2019identifier un \u00e9v\u00e9nement historique trop lointain, on peut tenter de comprendre les conditions permettant l\u2019apparition de la vie en laboratoire, approche rendue d\u2019autant plus pertinente par l\u2019exobiologie. Des syst\u00e8mes exp\u00e9rimentaux, bas\u00e9s sur les petites mol\u00e9cules ou les ARNs, nous servent de base pour \u00e9tablir des processus \u00e9volutifs \u00e0 partir des lois de la physique et la chimie. Quelles interactions permettent de mettre en place les propri\u00e9t\u00e9s darwiniennes de variation, reproduction, h\u00e9r\u00e9dit\u00e9 et s\u00e9lection ? A partir de quand la compartimentation est-elle devenue indispensable et pourquoi ? Ces syst\u00e8mes pourraient-ils appara\u00eetre spontan\u00e9ment ? Peut-on estimer la probabilit\u00e9 de l\u2019apparition de la vie ? \u00bb<\/p>\n\n\n\n<p>Transmis par Herv\u00e9 Cottin<\/p>\n\n\n\n<hr class=\"wp-block-separator has-alpha-channel-opacity\"\/>\n\n\n\n<p>Pour faire passer vos messages, envoyez un mail au secr\u00e9tariat SF2A (<a href=\"mailto:secretariat@sf2a.eu\" target=\"_blank\" rel=\"noreferrer noopener\">secretariat@sf2a.eu<\/a>) avant le vendredi 18h pour une diffusion le lundi apr\u00e8s-midi suivant.<\/p>\n","protected":false},"excerpt":{"rendered":"<h4>Message SF2A No 1086 &#8211; 29\/04\/24<\/h4>\n<p>\n1. Feedback opportunity for Horizon Europe work programme 2025 &#8211; European Commission (europa.eu)<br \/>\n2. Annonce CPJ OCA, Nice (France)<br \/>\n3. Recrutement de trois scientifiques \u00e0 temps partiel au International Space Science Institute, Berne (Suisse)<br \/>\n4. CDI Coordination des activit\u00e9s d&rsquo;animation et de formation en astronomie AFA<br \/>\n5. Reminder: Invitation to a LiteBIRD-Day meeting, May 13, 2024, APC, Paris (France)<br \/>\n6. Webinaire de la Soci\u00e9t\u00e9 Fran\u00e7aise d\u2019Exobiologie, jeudi 13 Juin 17h.<\/p>\n","protected":false},"author":1,"featured_media":0,"comment_status":"closed","ping_status":"open","sticky":false,"template":"","format":"standard","meta":{"saved_in_kubio":false,"footnotes":""},"categories":[1],"tags":[],"class_list":["post-1720","post","type-post","status-publish","format-standard","hentry","category-uncategorized"],"_links":{"self":[{"href":"https:\/\/sf2a.eu\/website2023\/wp-json\/wp\/v2\/posts\/1720","targetHints":{"allow":["GET"]}}],"collection":[{"href":"https:\/\/sf2a.eu\/website2023\/wp-json\/wp\/v2\/posts"}],"about":[{"href":"https:\/\/sf2a.eu\/website2023\/wp-json\/wp\/v2\/types\/post"}],"author":[{"embeddable":true,"href":"https:\/\/sf2a.eu\/website2023\/wp-json\/wp\/v2\/users\/1"}],"replies":[{"embeddable":true,"href":"https:\/\/sf2a.eu\/website2023\/wp-json\/wp\/v2\/comments?post=1720"}],"version-history":[{"count":1,"href":"https:\/\/sf2a.eu\/website2023\/wp-json\/wp\/v2\/posts\/1720\/revisions"}],"predecessor-version":[{"id":1721,"href":"https:\/\/sf2a.eu\/website2023\/wp-json\/wp\/v2\/posts\/1720\/revisions\/1721"}],"wp:attachment":[{"href":"https:\/\/sf2a.eu\/website2023\/wp-json\/wp\/v2\/media?parent=1720"}],"wp:term":[{"taxonomy":"category","embeddable":true,"href":"https:\/\/sf2a.eu\/website2023\/wp-json\/wp\/v2\/categories?post=1720"},{"taxonomy":"post_tag","embeddable":true,"href":"https:\/\/sf2a.eu\/website2023\/wp-json\/wp\/v2\/tags?post=1720"}],"curies":[{"name":"wp","href":"https:\/\/api.w.org\/{rel}","templated":true}]}}