{"id":1765,"date":"2024-06-02T23:01:38","date_gmt":"2024-06-02T21:01:38","guid":{"rendered":"https:\/\/sf2a.eu\/website2023\/?p=1765"},"modified":"2024-06-02T23:01:38","modified_gmt":"2024-06-02T21:01:38","slug":"message-sf2a-no-1091","status":"publish","type":"post","link":"https:\/\/sf2a.eu\/website2023\/message-sf2a-no-1091\/","title":{"rendered":"Message SF2A No 1091"},"content":{"rendered":"\n<h2 class=\"wp-block-heading\">Message SF2A No 1091 &#8211; 03\/06\/24<\/h2>\n\n\n\n<ol class=\"wp-block-list\">\n<li>Prix Flammarion de la M\u00e9diation Scientifique \u00e0 l&rsquo;international<\/li>\n\n\n\n<li>Message Commission TE et prospective INSU GT D\u00e9fi climatique et \u00e9cologique<\/li>\n\n\n\n<li>Webinaire de la Soci\u00e9t\u00e9 Fran\u00e7aise d\u2019Exobiologie, 13 juin 2024, 17h<\/li>\n\n\n\n<li>Workshop: A future space mission with very high-precision astrometry, 11-13 Spet. 2024, IAP, Paris (France)<\/li>\n\n\n\n<li>Journ\u00e9es utilisateurs du code exascale Idefix, 18-20 Sept 2024, Grenoble (France)<\/li>\n<\/ol>\n\n\n\n<h3 class=\"wp-block-heading\">1. Prix Flammarion de la M\u00e9diation Scientifique \u00e0 l&rsquo;international<\/h3>\n\n\n\n<p>La Soci\u00e9t\u00e9 Fran\u00e7aise d&rsquo;Astronomie et d&rsquo;Astrophysique et la Soci\u00e9t\u00e9 Astronomique de France se sont associ\u00e9es cette ann\u00e9e pour d\u00e9cerner exceptionnellement le Prix Flammarion de la M\u00e9diation Scientifique \u00e0 l&rsquo;International. \u00c0 la suite du Prix Flammarion 2024, la SF2A et la SAF souhaitent r\u00e9compenser et mettre en lumi\u00e8re le travail de Rapha\u00ebl Peralta, pr\u00e9sident-fondateur de l&rsquo;association SpaceBus France, dont l&rsquo;objectif est de sensibiliser le public \u00e0 la science, notamment l&rsquo;astronomie et l&rsquo;espace, en la rendant accessible \u00e0 tous par le biais de tourn\u00e9es itin\u00e9rantes dans le monde francophone. Nous tenons \u00e0 souligner l&rsquo;impact de l&rsquo;action de Rapha\u00ebl pour le d\u00e9veloppement de la sensibilisation scientifique dans deux pays africains, <a href=\"https:\/\/www.spacebusfrance.fr\/le-togo-sous-les-etoiles\" target=\"_blank\" rel=\"noreferrer noopener\">le Togo<\/a> (2022) et <a href=\"https:\/\/www.spacebusfrance.fr\/astrotour-edition-ivoire\" target=\"_blank\" rel=\"noreferrer noopener\">la C\u00f4te d&rsquo;Ivoire<\/a> (2023), o\u00f9 il a organis\u00e9 ces tourn\u00e9es en collaboration avec l\u2019Association Ivoirienne d&rsquo;Astronomie (AIA) et l\u2019association togolaise SG2D (Science G\u00e9ologique pour le D\u00e9veloppement Durable).<\/p>\n\n\n\n<p>Le prix sera remis lors des journ\u00e9es SF2A \u00e0 Marseille, du 4 au 7 juin 2024.<\/p>\n\n\n\n<p>Nad\u00e8ge Lagarde, pr\u00e9sidente de la SF2A<br>Sylvain Bouley, pr\u00e9sident de la SAF<\/p>\n\n\n\n<h3 class=\"wp-block-heading\">2. Message Commission TE et prospective INSU GT D\u00e9fi climatique et \u00e9cologique<\/h3>\n\n\n\n<p>La commission \u00ab\u00a0Transition Environnemental\u00a0\u00bb de la SF2A, en association avec le groupe de travail \u00ab\u00a0D\u00e9fi climatique et \u00e9cologique\u201d de la prospective CNRS-INSU en cours (dirig\u00e9 par S. Bontemps, LAB), ont mis en place un sondage \u201cLes activit\u00e9s de recherche fran\u00e7aise en A&amp;A face \u00e0 la crise environnementale\u201d.<br>Ce sondage fait \u00e9cho \u00e0 celui propos\u00e9 par P. Martin (IRAP) en 2019 dont les r\u00e9sultats ont \u00e9t\u00e9 pr\u00e9sent\u00e9s lors des journ\u00e9es SF2A 2019 \u00e0 Nice (supports de pr\u00e9sentation : <a href=\"http:\/\/sf2a.eu\/semaine-sf2a\/2019\/presentations\/S00\/Martin_S00.pdf\" target=\"_blank\" rel=\"noreferrer noopener\">http:\/\/sf2a.eu\/semaine-sf2a\/2019\/presentations\/S00\/Martin_S00.pdf<\/a>).<\/p>\n\n\n\n<p>La version 2024 ajour\u00e9 du sondage s&rsquo;adresse \u00e0 tous les personnels de la recherche en Astronomie &amp; Astrophysique (personnel technique, administratif, non-permanent etc.)<br><a href=\"https:\/\/framaforms.org\/les-activites-de-recherche-francaise-en-aa-face-a-la-crise-environnementale-1715940480\" target=\"_blank\" rel=\"noreferrer noopener\">https:\/\/framaforms.org\/les-activites-de-recherche-francaise-en-aa-face-a-la-crise-environnementale-1715940480<\/a><br>Temps de r\u00e9ponse estim\u00e9 : 5 minutes.<\/p>\n\n\n\n<p>Nous vous remercions pour votre contribution !<\/p>\n\n\n\n<p>Transmis par Faustine Cantalloube<\/p>\n\n\n\n<h3 class=\"wp-block-heading\">3. Webinaire de la Soci\u00e9t\u00e9 Fran\u00e7aise d\u2019Exobiologie, 13 juin 2024, 17h<\/h3>\n\n\n\n<p>Le prochain webinaire de la Soci\u00e9t\u00e9 Fran\u00e7aise d\u2019Exobiologie aura lieu le jeudi 13 Juin \u00e0 17h.<br>Il aura pour th\u00e8me : \u00ab R\u00e9inventer l\u2019origine de la vie en laboratoire \u00bb, par Philippe Nghe, directeur du laboratoire de biophysique et \u00e9volution \u00e0 l\u2019ESPCI.<br>Inscription obligatoire : <a href=\"https:\/\/forms.gle\/J7QfHrpaM5qhATL18\" target=\"_blank\" rel=\"noreferrer noopener\">https:\/\/forms.gle\/J7QfHrpaM5qhATL18<\/a><\/p>\n\n\n\n<p>\u00ab L\u2019origine de la vie ne peut \u00eatre d\u00e9couverte ; elle doit \u00eatre r\u00e9invent\u00e9e \u00bb. Cette citation du chimiste Albert Eschenmoser est r\u00e9v\u00e9latrice de la nature particuli\u00e8re de la question des origines : contrairement \u00e0 d\u2019autres ph\u00e9nom\u00e8nes naturels, on n\u2019observe pas d\u2019apparition de la vie dans notre environnement. De plus, on ne conna\u00eet pour le moment qu\u2019une seule forme de vie, la n\u00f4tre. Plut\u00f4t qu\u2019identifier un \u00e9v\u00e9nement historique trop lointain, on peut tenter de comprendre les conditions permettant l\u2019apparition de la vie en laboratoire, approche rendue d\u2019autant plus pertinente par l\u2019exobiologie. Des syst\u00e8mes exp\u00e9rimentaux, bas\u00e9s sur les petites mol\u00e9cules ou les ARNs, nous servent de base pour \u00e9tablir des processus \u00e9volutifs \u00e0 partir des lois de la physique et la chimie. Quelles interactions permettent de mettre en place les propri\u00e9t\u00e9s darwiniennes de variation, reproduction, h\u00e9r\u00e9dit\u00e9 et s\u00e9lection ? A partir de quand la compartimentation est-elle devenue indispensable et pourquoi ? Ces syst\u00e8mes pourraient-ils appara\u00eetre spontan\u00e9ment ? Peut-on estimer la probabilit\u00e9 de l\u2019apparition de la vie ? \u00bb<\/p>\n\n\n\n<p>Transmis par Herv\u00e9 Cottin<\/p>\n\n\n\n<h3 class=\"wp-block-heading\">4. Workshop: A future space mission with very high-precision astrometry, 11-13 Spet. 2024, IAP, Paris (France)<\/h3>\n\n\n\n<p>Given the fantastic success of Gaia, which provided us breakthroughs in our vision of the Milky Way, its satellite galaxies, and its own stars, it is time to think of the next generation of astrometric missions. The goals of the workshop are to<\/p>\n\n\n\n<p>1) identify a broad list of fundamental scientific questions of Exoplanetology, Astrophysics, Cosmology, and Particle Physics waiting for super-precision astrometry to achieve possible breakthroughs;<\/p>\n\n\n\n<p>2) think about what type of telescope, instrument and observing strategy would be ideal to achieve sufficient astrometric precision to lead to such breakthroughs.<\/p>\n\n\n\n<p>Registration is open at <a href=\"https:\/\/astrometry.sciencesconf.org\" target=\"_blank\" rel=\"noreferrer noopener\">https:\/\/astrometry.sciencesconf.org<\/a><\/p>\n\n\n\n<p>Transmis par Gary Mamon<\/p>\n\n\n\n<h3 class=\"wp-block-heading\">5. Journ\u00e9es utilisateurs du code exascale Idefix, 18-20 Sept 2024, Grenoble (France)<\/h3>\n\n\n\n<p>Les deuxi\u00e8mes \u00ab Journ\u00e9es utilisateur \u00bb du code Idefix ( <a href=\"https:\/\/github.com\/idefix-code\/idefix\" target=\"_blank\" rel=\"noreferrer noopener\">https:\/\/github.com\/idefix-code\/idefix<\/a> ) auront lieu du 18 au 20 septembre 2024 \u00e0 Grenoble. Le code Idefix est un code Godunov Hydro\/MHD multi-physique et multi-architectures, notamment adapt\u00e9 aux nouvelles machines GPU install\u00e9es \u00e0 l\u2019IDRIS et au CINES.<\/p>\n\n\n\n<p>Si vous (ou vos \u00e9tudiants) souhaitez apprendre \u00e0 utiliser ce code et discuter des nouveaut\u00e9s actuelles et \u00e0 venir, vous pouvez vous inscrire ici (deadline 15 Juillet):<br><a href=\"https:\/\/idefix24.sciencesconf.org\" target=\"_blank\" rel=\"noreferrer noopener\">https:\/\/idefix24.sciencesconf.org<\/a><br>L&rsquo;inscription est gratuite, mais obligatoire pour des raisons logistiques (places limit\u00e9es). L\u2019atelier se fera en pr\u00e9sentiel uniquement.<\/p>\n\n\n\n<p>Transmis par Geoffroy Lesur, pour le LOC (Jonah Mauxion, Nicolas Scepi, Marc van den Bossche &amp; Gaylor Wafflard-Fernandez)<\/p>\n\n\n\n<hr class=\"wp-block-separator has-alpha-channel-opacity\"\/>\n\n\n\n<p>Pour faire passer vos messages, envoyez un mail au secr\u00e9tariat SF2A (<a href=\"mailto:secretariat@sf2a.eu\" target=\"_blank\" rel=\"noreferrer noopener\">secretariat@sf2a.eu<\/a>) avant le vendredi 18h pour une diffusion le lundi apr\u00e8s-midi suivant.<\/p>\n","protected":false},"excerpt":{"rendered":"<h4>Message SF2A No 1091 &#8211; 03\/06\/24<\/h4>\n<p>\n1. Prix Flammarion de la M\u00e9diation Scientifique \u00e0 l&rsquo;international<br \/>\n2. Message Commission TE et prospective INSU GT D\u00e9fi climatique et \u00e9cologique<br \/>\n3. Webinaire de la Soci\u00e9t\u00e9 Fran\u00e7aise d\u2019Exobiologie, 13 juin 2024, 17h<br \/>\n4. Workshop: A future space mission with very high-precision astrometry, 11-13 Spet. 2024, IAP, Paris (France)<br \/>\n5. Journ\u00e9es utilisateurs du code exascale Idefix, 18-20 Sept 2024, Grenoble (France)<\/p>\n","protected":false},"author":1,"featured_media":0,"comment_status":"closed","ping_status":"open","sticky":false,"template":"","format":"standard","meta":{"saved_in_kubio":false,"footnotes":""},"categories":[1],"tags":[],"class_list":["post-1765","post","type-post","status-publish","format-standard","hentry","category-uncategorized"],"_links":{"self":[{"href":"https:\/\/sf2a.eu\/website2023\/wp-json\/wp\/v2\/posts\/1765","targetHints":{"allow":["GET"]}}],"collection":[{"href":"https:\/\/sf2a.eu\/website2023\/wp-json\/wp\/v2\/posts"}],"about":[{"href":"https:\/\/sf2a.eu\/website2023\/wp-json\/wp\/v2\/types\/post"}],"author":[{"embeddable":true,"href":"https:\/\/sf2a.eu\/website2023\/wp-json\/wp\/v2\/users\/1"}],"replies":[{"embeddable":true,"href":"https:\/\/sf2a.eu\/website2023\/wp-json\/wp\/v2\/comments?post=1765"}],"version-history":[{"count":1,"href":"https:\/\/sf2a.eu\/website2023\/wp-json\/wp\/v2\/posts\/1765\/revisions"}],"predecessor-version":[{"id":1766,"href":"https:\/\/sf2a.eu\/website2023\/wp-json\/wp\/v2\/posts\/1765\/revisions\/1766"}],"wp:attachment":[{"href":"https:\/\/sf2a.eu\/website2023\/wp-json\/wp\/v2\/media?parent=1765"}],"wp:term":[{"taxonomy":"category","embeddable":true,"href":"https:\/\/sf2a.eu\/website2023\/wp-json\/wp\/v2\/categories?post=1765"},{"taxonomy":"post_tag","embeddable":true,"href":"https:\/\/sf2a.eu\/website2023\/wp-json\/wp\/v2\/tags?post=1765"}],"curies":[{"name":"wp","href":"https:\/\/api.w.org\/{rel}","templated":true}]}}