{"id":1777,"date":"2024-06-10T08:20:28","date_gmt":"2024-06-10T06:20:28","guid":{"rendered":"https:\/\/sf2a.eu\/website2023\/?p=1777"},"modified":"2024-06-10T08:20:28","modified_gmt":"2024-06-10T06:20:28","slug":"message-sf2a-no-1092","status":"publish","type":"post","link":"https:\/\/sf2a.eu\/website2023\/message-sf2a-no-1092\/","title":{"rendered":"Message SF2A No 1092"},"content":{"rendered":"\n<h2 class=\"wp-block-heading\">Message SF2A No 1092 &#8211; 10\/06\/24<\/h2>\n\n\n\n<ol class=\"wp-block-list\">\n<li>Avis de vacance de la fonction de Directeur\/Directrice de l\u2019IRAP<\/li>\n\n\n\n<li>CNES APR 2025 &#8211; Ouverture de l&rsquo;Appel annuel \u00e0 Propositions de Recherche<\/li>\n\n\n\n<li>Concours Photo \u00ab\u00a0Sciences grand angle\u00a0\u00bb : RAPPEL<\/li>\n\n\n\n<li>Astronomes et Science-Fiction<\/li>\n\n\n\n<li>Questionnaire ELT-PCS<\/li>\n\n\n\n<li>IAP symposium, \u201cUnderstanding the formation of early galaxy and black holes in the JWST era\u201d, December 2-6 2024, IAP, Paris (France)<\/li>\n\n\n\n<li>Le num\u00e9ro de juin du magazine de la SAF l\u2019Astronomie est paru.<\/li>\n<\/ol>\n\n\n\n<h3 class=\"wp-block-heading\">1. Avis de vacance de la fonction de Directeur\/Directrice de l\u2019IRAP<\/h3>\n\n\n\n<p>Vous trouverez ci-joint une annonce de poste \u00e0 l\u2019IRAP.<\/p>\n\n\n\n<div data-wp-interactive=\"core\/file\" class=\"wp-block-file\"><object data-wp-bind--hidden=\"!state.hasPdfPreview\" hidden class=\"wp-block-file__embed\" data=\"https:\/\/sf2a.eu\/website2023\/wp-content\/uploads\/2024\/06\/Avis-de-vacance-Direction-IRAP.pdf\" type=\"application\/pdf\" style=\"width:100%;height:600px\" aria-label=\"Contenu embarqu\u00e9 Avis-de-vacance-Direction-IRAP.\"><\/object><a id=\"wp-block-file--media-1b584111-015a-4818-9209-f79abb0a9cc1\" href=\"https:\/\/sf2a.eu\/website2023\/wp-content\/uploads\/2024\/06\/Avis-de-vacance-Direction-IRAP.pdf\">Avis-de-vacance-Direction-IRAP<\/a><a href=\"https:\/\/sf2a.eu\/website2023\/wp-content\/uploads\/2024\/06\/Avis-de-vacance-Direction-IRAP.pdf\" class=\"wp-block-file__button wp-element-button\" download aria-describedby=\"wp-block-file--media-1b584111-015a-4818-9209-f79abb0a9cc1\">T\u00e9l\u00e9charger<\/a><\/div>\n\n\n\n<p>Les candidatures sont \u00e0 adresser par mail avant le 30 Novembre 2024 \u00e0 :<\/p>\n\n\n\n<ul class=\"wp-block-list\">\n<li>Matthieu Arlat, Vice-Pr\u00e9sident recherche de l\u2019Universit\u00e9 Toulouse 3. Matthieu.Arlat@univ-tlse3.fr<\/li>\n\n\n\n<li>Martin Giard, Directeur Adjoint Scientifique au CNRS-INSU. Martin.Giard@cnrs.fr<\/li>\n<\/ul>\n\n\n\n<p>Transmis par Elo\u00efse Hurier<\/p>\n\n\n\n<h3 class=\"wp-block-heading\">2. CNES APR 2025 &#8211; Ouverture de l&rsquo;Appel annuel \u00e0 Propositions de Recherche<\/h3>\n\n\n\n<p>L\u2019appel annuel \u00e0 propositions de recherche (APR), pour pr\u00e9parer le programme de recherche scientifique spatiale du CNES pour l\u2019ann\u00e9e 2025, est ouvert !<br>L\u2019APR s\u2019applique aussi bien \u00e0 des propositions nouvelles qu\u2019\u00e0 la poursuite de projets APR engag\u00e9s. Tout projet engag\u00e9 doit faire l\u2019objet, chaque ann\u00e9e, d\u2019une mise \u00e0 jour de la proposition (en mettant en exergue la prise en compte des recommandations et l\u2019\u00e9tat d\u2019avancement du projet) et de la demande de financement.<\/p>\n\n\n\n<p>Les \u00e9quipes de recherche des laboratoires sont invit\u00e9es \u00e0 soumettre leurs propositions jusqu\u2019au 25 septembre 2024 minuit sur la plateforme d\u00e9di\u00e9e : <a href=\"https:\/\/appels-sciences.cnes.fr\/fr\" target=\"_blank\" rel=\"noreferrer noopener\">https:\/\/appels-sciences.cnes.fr\/fr<\/a> et plus pr\u00e9cis\u00e9ment sur le programme <a href=\"https:\/\/appels-sciences.cnes.fr\/fr\/applications\/proposition-recherche-2025\" target=\"_blank\" rel=\"noreferrer noopener\">https:\/\/appels-sciences.cnes.fr\/fr\/applications\/proposition-recherche-2025<\/a>.<br>Vous y retrouverez le texte de l\u2019appel \u00e0 propositions, le calendrier, les contacts ainsi que les modalit\u00e9s pour r\u00e9pondre \u00e0 cet appel. Nous attirons votre attention sur l\u2019importance de lire ces modalit\u00e9s pour prendre en compte les changements et recommandations.<br>Cette ann\u00e9e, une FAQ a \u00e9t\u00e9 rajout\u00e9e.<\/p>\n\n\n\n<p>Nous vous rappelons que :<\/p>\n\n\n\n<ul class=\"wp-block-list\">\n<li>La proposition sera constitu\u00e9e d\u2019un seul dossier technique (DT) + 1 dossier \u00e9conomique (DE) et si besoin compl\u00e9t\u00e9 d&rsquo;un dossier \u00e9conomique pour chaque coproposant ayant une demande financi\u00e8re (le coproposant n\u2019a plus besoin de constituer de dossier technique)<\/li>\n\n\n\n<li>Le proposant devra associer son directeur ainsi que les coproposants \u00e9ventuels ; ils pourront ainsi consulter voire compl\u00e9ter la proposition \u2013 Il est indispensable que les aspects RH et financiers soient port\u00e9s \u00e0 la connaissances des directeurs (dossier \u00e9conomique)<\/li>\n\n\n\n<li>Le proposant reste le leader pour v\u00e9rifier la compl\u00e9tude de la proposition, il lui appartient de soumettre d\u00e9finitivement sa proposition (transmission au CNES pour examen).<\/li>\n<\/ul>\n\n\n\n<p>Transmis par Olivier La Marle<\/p>\n\n\n\n<h3 class=\"wp-block-heading\">3. Concours Photo \u00ab\u00a0Sciences grand angle\u00a0\u00bb : RAPPEL<\/h3>\n\n\n\n<p>Le Coll\u00e8ge des soci\u00e9t\u00e9s savantes acad\u00e9miques de France lance cette ann\u00e9e la <strong>premi\u00e8re \u00e9dition de \u201cSciences grand angle\u201d,<\/strong> <strong>un concours photo ouvert aux adh\u00e9rent\u00b7es d\u2019une quinzaine de soci\u00e9t\u00e9s et associations membres du Coll\u00e8ge<\/strong> dont vous trouverez la liste sur la <a href=\"https:\/\/societes-savantes.fr\/concours-photo-sciences-grand-angle\/sga-2024\/\" target=\"_blank\" rel=\"noreferrer noopener\">page web du concours<\/a>.<\/p>\n\n\n\n<p>Ce concours permettra d\u2019illustrer &#8211; aupr\u00e8s du public, mais aussi parmi nous &#8211; la diversit\u00e9 de nos activit\u00e9s par la constitution d\u2019une galerie de photos d\u2019objets d\u2019\u00e9tudes et de portraits de scientifiques en action qui sera retrouv\u00e9e sur le site web du Coll\u00e8ge et sur ses comptes de r\u00e9seaux sociaux. Une s\u00e9lection de ces photos pourrait \u00eatre publi\u00e9e sous forme d\u2019un livre, d\u2019un calendrier, voire donner lieu \u00e0 des expositions dans des lieux embl\u00e9matiques des sciences.<\/p>\n\n\n\n<p><strong>Prix du jury et du jeune public :<\/strong><\/p>\n\n\n\n<p>Deux \u00ab\u00a0prix du jury\u201d d\u2019une valeur de 300 euros chacun seront d\u00e9cern\u00e9s en d\u00e9cembre 2024 par un jury associant scientifiques et acteurs de la soci\u00e9t\u00e9. Deux \u201cprix du jeune public\u201d suppl\u00e9mentaires de 300 euros seront \u00e9galement attribu\u00e9s. Les photos gagnantes seront utilis\u00e9es comme cartes de v\u0153ux officielles du Coll\u00e8ge pour l\u2019ann\u00e9e 2025. Les prix seront remis lors du prochain Congr\u00e8s du Coll\u00e8ge les 3 et 4 f\u00e9vrier 2025 \u00e0 Montpellier.<\/p>\n\n\n\n<p><strong>Deux cat\u00e9gories de photos peuvent \u00eatre soumises :<\/strong><\/p>\n\n\n\n<ul class=\"wp-block-list\">\n<li>\u00ab\u00a0La construction des savoirs\u201d: Les photos dans cette cat\u00e9gorie montreront des scientifiques en action dans leur environnement de travail, ainsi que des installations ou b\u00e2timents de recherche.<\/li>\n\n\n\n<li>\u201cObjets d\u2019\u00e9tudes\u201d:&nbsp;Les photos dans cette cat\u00e9gorie montreront des photos, souvent r\u00e9alis\u00e9es \u00e0 l\u2019aide d\u2019instruments scientifiques, d&rsquo;objets d\u2019\u00e9tudes scientifiques, de l\u2019atome \u00e0 l\u2019univers en passant par les livres et manuscrits, les cellules, les plantes ou animaux, les artefacts arch\u00e9ologiques, les repr\u00e9sentations d&rsquo;objets math\u00e9matiques, etc.&nbsp;<\/li>\n<\/ul>\n\n\n\n<p><strong>Pour participer :<\/strong><\/p>\n\n\n\n<p>La page web du concours est ici: <a href=\"https:\/\/societes-savantes.fr\/concours-photo-sciences-grand-angle\/sga-2024\/\" target=\"_blank\" rel=\"noreferrer noopener\">https:\/\/societes-savantes.fr\/concours-photo-sciences-grand-angle\/sga-2024\/<\/a> (vous pouvez y t\u00e9l\u00e9charger l\u2019affiche pour l\u2019imprimer dans vos laboratoires).<\/p>\n\n\n\n<p>Le r\u00e8glement du concours est ici: <a href=\"https:\/\/societes-savantes.fr\/concours-photo-sciences-grand-angle\/sga-2024\/reglement-concours-photos-sciences-grand-angle-2024\/\" target=\"_blank\" rel=\"noreferrer noopener\">https:\/\/societes-savantes.fr\/concours-photo-sciences-grand-angle\/sga-2024\/reglement-concours-photos-sciences-grand-angle-2024\/<\/a> (le r\u00e8glement en date du 2 mai 2024 fait seul foi).<\/p>\n\n\n\n<p>Le site de soumission est ici: <a href=\"https:\/\/societes-savantes.limesurvey.net\/384669\" target=\"_blank\" rel=\"noreferrer noopener\">https:\/\/societes-savantes.limesurvey.net\/384669<\/a><\/p>\n\n\n\n<p><strong>Format des soumissions:<\/strong><\/p>\n\n\n\n<ul class=\"wp-block-list\">\n<li>Les images doivent \u00eatre soumises aux <strong>formats : .tif, .tiff, .jpg, .jpeg<\/strong><\/li>\n\n\n\n<li>Les images doivent \u00eatre <strong>libres de droit<\/strong><\/li>\n\n\n\n<li><strong>Syntaxe du nom des fichiers <\/strong>: acronyme-societe_pr\u00e9nom-nom_titre.tif\/jpg o\u00f9 : \u00ab&nbsp;acronyme-societe&nbsp;\u00bb est le l\u2019acronyme de la soci\u00e9t\u00e9 savante dont le\/la participant\u00b7e est adh\u00e9rent\u00b7e (exemple: SF2A, SFBD, SFM\u2026); \u00ab&nbsp;patronyme&nbsp;\u00bb est le nom de famille de l\u2019auteur\/trice&nbsp;; et \u00ab&nbsp;titre&nbsp;\u00bb correspond au titre raccourci de la photo (&lt;15 caract\u00e8res). <strong>Exemple: SFBD_sylvie-dupont_pistil.jpg<\/strong><\/li>\n\n\n\n<li>Les images doivent id\u00e9alement avoir une <strong>taille minimale de 2000&#215;2000 pixels (max 40Mo)<\/strong>.&nbsp;<\/li>\n\n\n\n<li>Chaque image sera accompagn\u00e9e :\n<ul class=\"wp-block-list\">\n<li>d\u2019un <strong>titre (\u2264 40 signes)<\/strong>;&nbsp;<\/li>\n\n\n\n<li>d\u2019une <strong>l\u00e9gende destin\u00e9e au grand public de 50 \u00e0 75 mots (max 500 signes)<\/strong> en fran\u00e7ais ou en anglais).&nbsp;<\/li>\n<\/ul>\n<\/li>\n\n\n\n<li>Le cas \u00e9ch\u00e9ant, la <strong>taille du pixel ou du champ de vue<\/strong> des images devra \u00eatre indiqu\u00e9e afin de donner un ordre de grandeur de l\u2019\u00e9chelle du sujet\/objet photographi\u00e9.&nbsp;<\/li>\n<\/ul>\n\n\n\n<p><strong>Chaque participant\u00b7e peut soumettre jusqu\u2019\u00e0 trois photos. La date limite de soumission des photos est le 25 juin 2024 \u00e0 23h59<\/strong>. N\u2019attendez pas la derni\u00e8re minute!<\/p>\n\n\n\n<p>Melissa Barkat-Defradas, responsabable du concours<br>Patrick Lemaire, Pr\u00e9sident<\/p>\n\n\n\n<h3 class=\"wp-block-heading\">4. Astronomes et Science-Fiction<\/h3>\n\n\n\n<p>Lors de l&rsquo;atelier S09 de la SF2A, j&rsquo;ai pr\u00e9sent\u00e9 une analyse r\u00e9alis\u00e9e par Elisabeth Stanwey (arXiv:2208.05825) sur l&rsquo;int\u00e9r\u00eat des astronomes britanniques pour la Science-Fiction, et l&rsquo;influence qu&rsquo;elle a exerc\u00e9e sur eux, \u00e9tude r\u00e9alis\u00e9e pendant le \u00ab\u00a0UK National Astronomy Meeting\u00a0\u00bb. Lors de notre atelier, j&rsquo;ai propos\u00e9 de r\u00e9aliser un sondage similaire aupr\u00e8s de la communaut\u00e9 fran\u00e7aise. Vous pouvez y r\u00e9pondre en suivant ce lien:<\/p>\n\n\n\n<p><a href=\"https:\/\/sondage.osupytheas.fr\/index.php\/779325?lang=fr\">https:\/\/sondage.osupytheas.fr\/index.php\/779325?lang=fr<\/a><\/p>\n\n\n\n<p>Merci d&rsquo;avance pour votre contribution \u00e0 cette petite \u00e9tude.<\/p>\n\n\n\n<p>Transmis par Samuel Boissier,<\/p>\n\n\n\n<h3 class=\"wp-block-heading\">5. Questionnaire ELT-PCS<\/h3>\n\n\n\n<p>PCS (Planetary Camera and Spectrograph) est un instrument de seconde g\u00e9n\u00e9ration sur l\u2019ELT destin\u00e9 \u00e0 la d\u00e9tection et caract\u00e9risation des exo-Terres par imagerie directe depuis le sol, incluant la d\u00e9tection de biosignatures.<\/p>\n\n\n\n<p>L\u2019ESO souhaite d\u00e9marrer au deuxi\u00e8me semestre 2024 une phase de consolidation des concepts technologiques et des cas scientifiques de l\u2019instrument en vue du d\u00e9marrage d\u2019une \u00e9tude de phase A anticip\u00e9e pour la fin 2026 ou le d\u00e9but 2027. Dans un premier temps, l\u2019ESO met en place un groupe de travail restreint pour proposer un white paper au directoire de l\u2019ESO fin 2026.<\/p>\n\n\n\n<p>Nous invitons la communaut\u00e9 fran\u00e7aise \u00e0 remplir un questionnaire de recensement des int\u00e9r\u00eats scientifiques et techniques afin de pouvoir assurer une bonne repr\u00e9sentation de notre communaut\u00e9 et de ses efforts pour le d\u00e9veloppement de PCS aupr\u00e8s de l\u2019ESO.<\/p>\n\n\n\n<p>Date butoire pour remplir l\u2019enqu\u00eate : 28 Juin 2024<\/p>\n\n\n\n<p>Lien questionnaire : <a href=\"https:\/\/framaforms.org\/recensement-des-interets-scientifiques-et-techniques-en-preparation-de-linstrument-elt-pcs\" target=\"_blank\" rel=\"noreferrer noopener\">https:\/\/framaforms.org\/recensement-des-interets-scientifiques-et-techniques-en-preparation-de-linstrument-elt-pcs<\/a><\/p>\n\n\n\n<p>Transmis par Micka\u00ebl BONNEFOY, Patrice MARTINEZ (repr\u00e9sentants INSU dans le groupe de travail)<\/p>\n\n\n\n<h3 class=\"wp-block-heading\">6. IAP symposium, \u201cUnderstanding the formation of early galaxy and black holes in the JWST era\u201d, December 2-6 2024, IAP, Paris (France)<\/h3>\n\n\n\n<p>We are happy to announce the 40th annual IAP symposium, \u201cUnderstanding the formation of early galaxy and black holes in the JWST era\u201d. It will be held from the 2nd to the 6th December 2024 at the IAP in Paris.<\/p>\n\n\n\n<p>Abstract submission is now open and closes on 30th August 2024: Submit an abstract<\/p>\n\n\n\n<p>For more information, visit the conference website: <a href=\"https:\/\/iapsymposium2024.sciencesconf.org\/\" target=\"_blank\" rel=\"noreferrer noopener\">https:\/\/iapsymposium2024.sciencesconf.org\/<\/a><\/p>\n\n\n\n<p>I<strong>mportant dates<\/strong><\/p>\n\n\n\n<p>10th June 2024: Registration opens<br>30th August 2024: Abstract submission closes<br>10th September 2024: Results of abstract selection<br>20th October 2024: Registration closes<br>2nd-6th December: Conference at IAP<\/p>\n\n\n\n<p>Transmis par Pierre Guillard<\/p>\n\n\n\n<h3 class=\"wp-block-heading\">7. Le num\u00e9ro de juin du magazine de la SAF l\u2019Astronomie est paru.<\/h3>\n\n\n\n<p>Le num\u00e9ro de juin (n\u00b0183) du magazine de la SAF l\u2019Astronomie est paru.<\/p>\n\n\n\n<p>Dans le Zoom, Y. Rogister (Universit\u00e9 de Strasbourg) explicite les forces de gravitation. Puis il \u00e9voque diff\u00e9rents aspects du ph\u00e9nom\u00e8ne des mar\u00e9es et de leurs cons\u00e9quences dans le Syst\u00e8me solaire. Dans la rubrique Actualit\u00e9s S. Collin-Zahn (OP) montre que, gr\u00e2ce au JWST, le myst\u00e8re des \u00ab points rouges \u00bb est en voie d\u2019explication. J. Borg (IAS) nous apprend que des m\u00e9t\u00e9orites de l\u2019Antarctique sont englouties suite au r\u00e9chauffement climatique. D. Baratoux (Universit\u00e9 de Toulouse) suit les traces de Th\u00e9odore Monot au crat\u00e8re d\u2019Aouelloul en Mauritanie. J. Lequeux (OP) r\u00e9v\u00e8le l\u2019existence d\u2019un trou noir de 33 masses solaires dans notre voisinage. F. Deschamps (IESA, Taipei, Taiwan) nous d\u00e9voile l\u2019\u00e9paisseur de l\u2019enveloppe de glace externe d\u2019Europe. Dans la rubrique Spatial, J. Bocherens (SAF) nous pr\u00e9sente le retour des \u00c9tats-Unis sur le sol lunaire. Dans la rubrique Observations et travaux H. Lerat (SAF) pr\u00e9sente la d\u00e9couverte d\u2019une binaire \u00e0 \u00e9clipses tr\u00e8s rare. E. Evrard (Science et culture en Picardie) revient sur les premiers pas de l\u2019homme sur la Lune et nous invite \u00e0 observer notre satellite.<br>La rubrique Portraits C\u00e9lestes montre d\u2019extraordinaires images de l\u2019\u00e9clipse de Soleil du 28 avril observ\u00e9e depuis le Mexique.<\/p>\n\n\n\n<p>Pour vous informer sur le num\u00e9ro en cours et les num\u00e9ros pr\u00e9c\u00e9dents, ou vous abonner, voir <a href=\"https:\/\/lastronomie.fr\" target=\"_blank\" rel=\"noreferrer noopener\">https:\/\/lastronomie.fr<\/a><\/p>\n\n\n\n<p>Transmis par Nicole Mein<\/p>\n\n\n\n<hr class=\"wp-block-separator has-alpha-channel-opacity\"\/>\n\n\n\n<p>Pour faire passer vos messages, envoyez un mail au secr\u00e9tariat SF2A (<a href=\"mailto:secretariat@sf2a.eu\" target=\"_blank\" rel=\"noreferrer noopener\">secretariat@sf2a.eu<\/a>) avant le vendredi 18h pour une diffusion le lundi apr\u00e8s-midi suivant.<\/p>\n","protected":false},"excerpt":{"rendered":"<h4>Message SF2A No 1092 &#8211; 10\/06\/24<\/h4>\n<p>\n1. Avis de vacance de la fonction de Directeur\/Directrice de l\u2019IRAP<br \/>\n2. CNES APR 2025 &#8211; Ouverture de l&rsquo;Appel annuel \u00e0 Propositions de Recherche<br \/>\n3. Concours Photo \u00ab\u00a0Sciences grand angle\u00a0\u00bb : RAPPEL<br \/>\n4. Astronomes et Science-Fiction<br \/>\n5. Questionnaire ELT-PCS<br \/>\n6. IAP symposium, \u201cUnderstanding the formation of early galaxy and black holes in the JWST era\u201d, December 2-6 2024, IAP, Paris (France)<br \/>\n7. Le num\u00e9ro de juin du magazine de la SAF l\u2019Astronomie est paru.<\/p>\n","protected":false},"author":3,"featured_media":0,"comment_status":"closed","ping_status":"open","sticky":false,"template":"","format":"standard","meta":{"saved_in_kubio":false,"footnotes":""},"categories":[1],"tags":[],"class_list":["post-1777","post","type-post","status-publish","format-standard","hentry","category-uncategorized"],"_links":{"self":[{"href":"https:\/\/sf2a.eu\/website2023\/wp-json\/wp\/v2\/posts\/1777","targetHints":{"allow":["GET"]}}],"collection":[{"href":"https:\/\/sf2a.eu\/website2023\/wp-json\/wp\/v2\/posts"}],"about":[{"href":"https:\/\/sf2a.eu\/website2023\/wp-json\/wp\/v2\/types\/post"}],"author":[{"embeddable":true,"href":"https:\/\/sf2a.eu\/website2023\/wp-json\/wp\/v2\/users\/3"}],"replies":[{"embeddable":true,"href":"https:\/\/sf2a.eu\/website2023\/wp-json\/wp\/v2\/comments?post=1777"}],"version-history":[{"count":1,"href":"https:\/\/sf2a.eu\/website2023\/wp-json\/wp\/v2\/posts\/1777\/revisions"}],"predecessor-version":[{"id":1779,"href":"https:\/\/sf2a.eu\/website2023\/wp-json\/wp\/v2\/posts\/1777\/revisions\/1779"}],"wp:attachment":[{"href":"https:\/\/sf2a.eu\/website2023\/wp-json\/wp\/v2\/media?parent=1777"}],"wp:term":[{"taxonomy":"category","embeddable":true,"href":"https:\/\/sf2a.eu\/website2023\/wp-json\/wp\/v2\/categories?post=1777"},{"taxonomy":"post_tag","embeddable":true,"href":"https:\/\/sf2a.eu\/website2023\/wp-json\/wp\/v2\/tags?post=1777"}],"curies":[{"name":"wp","href":"https:\/\/api.w.org\/{rel}","templated":true}]}}