{"id":1806,"date":"2024-06-23T20:20:13","date_gmt":"2024-06-23T18:20:13","guid":{"rendered":"https:\/\/sf2a.eu\/website2023\/?p=1806"},"modified":"2024-06-23T20:20:13","modified_gmt":"2024-06-23T18:20:13","slug":"message-sf2a-no-1094","status":"publish","type":"post","link":"https:\/\/sf2a.eu\/website2023\/message-sf2a-no-1094\/","title":{"rendered":"Message SF2A No 1094"},"content":{"rendered":"\n<h2 class=\"wp-block-heading\">Message SF2A No 1094 &#8211; 24\/06\/24<\/h2>\n\n\n\n<ol class=\"wp-block-list\">\n<li>Appel pour du soutien \u00e0 la mobilit\u00e9 internationale courte dur\u00e9e vers les IRL CNRS INSU.<\/li>\n\n\n\n<li>Message HWO-France<\/li>\n\n\n\n<li>Questionnaire ELT-PCS, compl\u00e9ment d&rsquo;information<\/li>\n\n\n\n<li>Conference COMRAD: Cosmic Magnetism with Radio Astronomy 2024, 18-22 Nov. 2024, Pisa (Italy)<\/li>\n\n\n\n<li>Conf\u00e9rence French astrophysics at radio frequencies, towards SKA, 12-15 nov. 2024, Paris (france)<\/li>\n\n\n\n<li>C\u00e9l\u00e9bration du 90\u00e8me anniversaire de James Lequeux, 11 Sept 2024, Observatoire de Paris<\/li>\n\n\n\n<li>Annonce de parution Cahiers Clairaut 186<\/li>\n<\/ol>\n\n\n\n<h3 class=\"wp-block-heading\">1. Appel pour du soutien \u00e0 la mobilit\u00e9 internationale courte dur\u00e9e vers les IRL CNRS INSU.<\/h3>\n\n\n\n<p>Appel pour du soutien \u00e0 la mobilit\u00e9 internationale courte dur\u00e9e vers les IRL CNRS INSU.<\/p>\n\n\n\n<p>IRL concern\u00e9es pour l&rsquo;Astronomie-Astrophysique :<br>FCLA &#8211; Laboratoire Franco-Chilien pour l&rsquo;Astronomie<br>FSLAC &#8211; Laboratoire Franco-Espagnol d&rsquo;Astrophysique des Canaries<\/p>\n\n\n\n<p>Toutes les informations, calendrier et modalit\u00e9 de candidature peuvent \u00eatre obtenues ici :<br><a href=\"https:\/\/www.insu.cnrs.fr\/fr\/appel-soutien-la-mobilite-internationale-vers-les-irl-cnrs-insu\" target=\"_blank\" rel=\"noreferrer noopener\">https:\/\/www.insu.cnrs.fr\/fr\/appel-soutien-la-mobilite-internationale-vers-les-irl-cnrs-insu<\/a><\/p>\n\n\n\n<p>Plus d&rsquo;informations peuvent aussi \u00eatre obtenues aupr\u00e8s de :<br>Aur\u00e9lie Marchaudon &#8211; D\u00e9l\u00e9gu\u00e9e Scientifique INSU AA &#8211; <a href=\"mailto:aurelie.marchaudon@irap.omp.eu\">aurelie.marchaudon@irap.omp.eu<\/a><br>Laura Sedaine &#8211; Coordinatrice Europe et international CNRS\/INSU &#8211; <a href=\"mailto:laura.sedaine@cnrs-dir.fr\">laura.sedaine@cnrs-dir.fr<\/a><\/p>\n\n\n\n<p>Transmis par Aur\u00e9lie Marchaudon<\/p>\n\n\n\n<h3 class=\"wp-block-heading\">2. Message HWO-France<\/h3>\n\n\n\n<p>Une liste de diffusion HWO-France a \u00e9t\u00e9 mise en place. Cette liste sera utilis\u00e9e avec parcimonie uniquement pour envoyer des informations g\u00e9n\u00e9rales importantes sur la mission HWO et sur les conf\u00e9rences et workshops HWO, notamment ceux organis\u00e9s par et pour la communaut\u00e9 fran\u00e7aise. Le but est de vous tenir inform\u00e9s, mais pas d&rsquo;utiliser cette liste comme lieu de discussion. Si vous ne faites pas partie des 139 personnes d\u00e9j\u00e0 inscrites sur la liste, vous pouvez vous inscrire en envoyant un email \u00e0 <a href=\"mailto:sympa@sympa.obspm.fr\">sympa@sympa.obspm.fr<\/a> avec le titre \u00ab\u00a0subscribe hwo.france\u00a0\u00bb et en laissant le corps du message vide.<\/p>\n\n\n\n<p>Transmis par Corallie Neiner<\/p>\n\n\n\n<h3 class=\"wp-block-heading\">3. Questionnaire ELT-PCS, compl\u00e9ment d&rsquo;information<\/h3>\n\n\n\n<p>Par ce message, nous souhaitons apporter un compl\u00e9ment d&rsquo;information \u00e0 notre demande initiale de d\u00e9claration d&rsquo;int\u00e9r\u00eats concernant les prochaines \u00e9tapes pr\u00e9paratoires de PCS.<\/p>\n\n\n\n<p>Nous venons d\u2019apprendre que le d\u00e9marrage du groupe de travail, dirig\u00e9 par N. Hubin et M. Kasper, aura lieu les 26 et 27 septembre prochains. L&rsquo;objectif de ce groupe est de produire un document de r\u00e9f\u00e9rence type white paper \u00e0 soumettre \u00e0 la direction de l&rsquo;ESO d&rsquo;ici fin 2026. Cet objectif vise \u00e0 anticiper, \u00e0 cette p\u00e9riode, d&rsquo;une fen\u00eatre d&rsquo;opportunit\u00e9 propice \u00e0 l&rsquo;ouverture d&rsquo;une \u00e9tude de phase A pour l&rsquo;instrument PCS, b\u00e9n\u00e9ficiant d&rsquo;une conjoncture favorable : arriv\u00e9e sur ciel de SAXO+ sur l&rsquo;instrument VLT\/SPHERE, avancement de l&rsquo;\u00e9tat de l&rsquo;art via plusieurs fronts (R&amp;D XAO et DM haute densit\u00e9, HDS, etc.), mais aussi du soutien et de l&rsquo;apport potentiel en parall\u00e8le, c\u00f4t\u00e9 technique, du programme EXOSHARE (sous r\u00e9serve de financement).<\/p>\n\n\n\n<p>Le groupe de travail a pour mission, entre fin 2024 et 2026, de d\u00e9finir et de consolider les cas scientifiques et les niveaux de maturit\u00e9 technologique (TRL) en d\u00e9coulant, ainsi que de proposer des projections en termes de retours scientifiques. Ce groupe ne dispose d&rsquo;aucun financement et sollicitera donc des contributions sous diverses formes.<\/p>\n\n\n\n<p>La d\u00e9finition du futur consortium PCS n&rsquo;entre pas dans le p\u00e9rim\u00e8tre des pr\u00e9rogatives de ce groupe. Son d\u00e9marrage, sous forme d&rsquo;un workshop, a pour but de d\u00e9finir et d&rsquo;organiser les travaux n\u00e9cessaires sur cette p\u00e9riode. Dans ce contexte, notre intention avec ce sondage est avant tout d&rsquo;\u00e9tablir un premier canal de communication afin de faire un recensement de la communaut\u00e9 fran\u00e7aise, de pouvoir l&rsquo;informer r\u00e9guli\u00e8rement et de recueillir leurs avis. L&rsquo;objectif \u00e9tant de pouvoir la repr\u00e9senter au mieux tout au long des activit\u00e9s du groupe. Nous souhaitons \u00e9galement obtenir une vision claire des activit\u00e9s et des int\u00e9r\u00eats potentiellement li\u00e9s \u00e0 PCS au niveau national.<\/p>\n\n\n\n<p>Bien que ce groupe de travail soit restreint, nous souhaitons \u00e9tablir un r\u00e9seau d&rsquo;interactions permettant une participation active et non restrictive de notre communaut\u00e9 nationale. Pour cela, nous mettrons en place divers outils qui viendront compl\u00e9ter la liste de diffusion par email, qui est une premi\u00e8re \u00e9tape, \u00e0 laquelle nous vous invitons \u00e0 souscrire via le sondage.<\/p>\n\n\n\n<p>En amont du workshop, nous organiserons une r\u00e9union en ligne d\u00e9but septembre pour pr\u00e9senter une synth\u00e8se des r\u00e9ponses au sondage. Cette r\u00e9union sera \u00e9galement l&rsquo;occasion de discuter et de recueillir des informations et des r\u00e9flexions, des avis ou des questions pertinentes \u00e0 faire remonter au moment du d\u00e9marrage du groupe de travail.<\/p>\n\n\n\n<p>Rappel du lien vers le questionnaire (date limite pour r\u00e9pondre le 28 juin 2024) : <a href=\"https:\/\/framaforms.org\/recensement-des-interets-scientifiques-et-techniques-en-preparation-de-linstrument-elt-pcs\" target=\"_blank\" rel=\"noreferrer noopener\">https:\/\/framaforms.org\/recensement-des-interets-scientifiques-et-techniques-en-preparation-de-linstrument-elt-pcs<\/a><\/p>\n\n\n\n<p>Micka\u00ebl BONNEFOY, Patrice MARTINEZ (repr\u00e9sentants INSU dans le groupe de travail)<\/p>\n\n\n\n<p>Transmis par Patrice Martinez<\/p>\n\n\n\n<h3 class=\"wp-block-heading\">4. Conference COMRAD: Cosmic Magnetism with Radio Astronomy 2024, 18-22 Nov. 2024, Pisa (Italy)<\/h3>\n\n\n\n<p>We are thrilled to invite you to register and submit abstracts for the conference: COMRAD: Cosmic Magnetism with Radio Astronomy 2024 which will take place in Pisa, Italy, from November 18th to 22nd, 2024.<\/p>\n\n\n\n<p>This is the first 5-day conference following a series of workshops held in Paris in 2022 and 2023. We are excited to extend our meeting to a full week, fostering discussions and the exchange of knowledge on five main topics:<\/p>\n\n\n\n<p>Radio observations of the Galactic interstellar medium<br>Extragalactic radio observations<br>Numerical simulations<br>Magnetogenesis and amplification<br>Cosmic-ray acceleration and propagation<\/p>\n\n\n\n<p><strong>Confirmed invited speakers:<\/strong><\/p>\n\n\n\n<p>Marc-Antoine Miville-Desch\u00eanes (LPENS-CNRS)<br>Marijke Haverkorn (Radboud University)<br>Francesca Loi (INAF-OAC)<br>Shane O&rsquo;Sullivan (Universidad Complutense de Madrid)<br>Paola Dominguez-Fernandez (ITC Harvard)<br>Aritra Basu (Thuringian State Observatory)<br>Andrii Neronov (Paris University)<br>Axel Brandenburg (NORDITA)<br>Gianfranco Brunetti (INAF-IRA)<br>Elena Orlando (Universit\u00e0 di Trieste)<\/p>\n\n\n\n<p>Abstract submission and registration are now open. Submit your contribution by September 1st, 2024!<\/p>\n\n\n\n<p>We expect to provide feedback by September 15th, 2024. Registration will close on September 25th, 2024.<\/p>\n\n\n\n<p>Please visit our <a href=\"https:\/\/comradconf.wixsite.com\/comrad24\">conference website<\/a> for more information about the scientific topics, rationale, venue, and important dates.<\/p>\n\n\n\n<p>Feel free to share this information with anyone who might be interested. For any inquiries, please email us at comrad.conf@gmail.com.<\/p>\n\n\n\n<p>Transmis par Andrea Bracco<\/p>\n\n\n\n<h3 class=\"wp-block-heading\">5. Conf\u00e9rence French astrophysics at radio frequencies, towards SKA, 12-15 nov. 2024, Paris (france)<\/h3>\n\n\n\n<p>The Action Sp\u00e9cifique SKA-LOFAR invites the French community interested in radio astronomy to gather for a national conference from November 12 to 15, 2024, at the \u00c9cole Normale Sup\u00e9rieure in Paris.<br><a href=\"https:\/\/astroradiofr24.sciencesconf.org\/\" target=\"_blank\" rel=\"noreferrer noopener\">https:\/\/astroradiofr24.sciencesconf.org\/<\/a><\/p>\n\n\n\n<p>This conference will be an opportunity to discover and share scientific results, methods, and projects of French teams related to the analysis and interpretation of radio frequency data. It will also be an occasion to learn about the status of the SKA project and to reflect on future opportunities. This national conference will focus on the astrophysics of radio astronomy, across all its frequencies and topics.<\/p>\n\n\n\n<ul class=\"wp-block-list\">\n<li>Cosmology<\/li>\n\n\n\n<li>Epoch of re-ionisation<\/li>\n\n\n\n<li>Galaxies<\/li>\n\n\n\n<li>interstellar medium and star formation<\/li>\n\n\n\n<li>Magnetism<\/li>\n\n\n\n<li>Pulsars, including PTA<\/li>\n\n\n\n<li>Transients<\/li>\n\n\n\n<li>Exoplanets<\/li>\n\n\n\n<li>Solar system and planetology<\/li>\n<\/ul>\n\n\n\n<p>Even though the main theme of the conference is related to radio-astronomy, projects combining wavelengths are welcome.<\/p>\n\n\n\n<p>Most presentations, in english, will be held in plenary sessions, with special attention given to making the presentations accessible to all, whether they are experts in radio astronomy techniques or not. Some time may be reserved for more technical discussions in parallel sessions.<\/p>\n\n\n\n<p>There is no registration fee for this conference, hosted by the \u00c9cole Normale Sup\u00e9rieure in Paris and funded by the Action Sp\u00e9cifique SKA-LOFAR.<\/p>\n\n\n\n<p>DEADLINES<\/p>\n\n\n\n<ul class=\"wp-block-list\">\n<li>Registration : October 1st 2024<\/li>\n\n\n\n<li>Abstract submission : September 15 2024<\/li>\n<\/ul>\n\n\n\n<p>Transmis par Marc-Antoine Miville-Desch\u00eanes<\/p>\n\n\n\n<h3 class=\"wp-block-heading\">6. C\u00e9l\u00e9bration du 90\u00e8me anniversaire de James Lequeux, 11 Sept 2024, Observatoire de Paris<\/h3>\n\n\n\n<p>La c\u00e9l\u00e9bration du 90\u00e8me anniversaire de James Lequeux, Astronome titulaire \u00e9m\u00e9rite \u00e0 l\u2019Observatoire de Paris \u2013 Meudon (OBSPM), aura lieu Salle Cassini de l\u2019OBSPM le Mercredi 11 Septembre 2024 \u00e0 partir de 14H<\/p>\n\n\n\n<p>Programme :<\/p>\n\n\n\n<ul class=\"wp-block-list\">\n<li>Introduction par Fabienne Casoli (Pr\u00e9sidente de l\u2019OBSPM)<\/li>\n\n\n\n<li>T\u00e9moignages de Jean Audouze (IAP), Catherine Cesarsky (DAp, CEAE et Acad\u00e9mie des Sciences), Fran\u00e7oise Combes (OBSPM, Coll\u00e8ge de France et Acad\u00e9mie des Sciences), Laurent Pagani (OBSPM), David Elbaz (DAp, CEAE), Th\u00e9r\u00e8se Encrenaz (OBSPM), G\u00e9rard Beaudin (OBSPM), Laurence Bobis (OBSPM et Sorbonne U.) et Juan Pardo (Inst. Estructura de la Materia, Madrid)<\/li>\n\n\n\n<li>T\u00e9moignages des participant(e)s qui souhaiteront s\u2019exprimer alors<\/li>\n\n\n\n<li>R\u00e9ponse de James Lequeux<\/li>\n\n\n\n<li>Avant le verre de l\u2019amiti\u00e9, Mesdames Saskia Lethiec (violon) et Karine Lethiec (alto) interpr\u00e9teront le duo en sol majeur n\u00b01, KV 423 (1783) de W.A. Mozart, une \u0153uvre qui est un cadeau fraternel \u00e0 Haydn pour l\u2019aider \u00e0 honorer une commande aupr\u00e8s de l\u2019archev\u00eaque Colloredo.<\/li>\n<\/ul>\n\n\n\n<p>Inscription imp\u00e9rative avant le 5 septembre 2024 sur le site <a href=\"https:\/\/lequeux.sciencesconf.org\">lequeux.sciencesconf.org<\/a><\/p>\n\n\n\n<p>Transmis par Jean Audouze<\/p>\n\n\n\n<h3 class=\"wp-block-heading\">7. Annonce de parution Cahiers Clairaut 186<\/h3>\n\n\n\n<p>Le no 186 (\u00e9t\u00e9 2024) du trimestriel \u00ab\u00a0Les Cahiers Clairaut\u00a0\u00bb, la revue du Comit\u00e9 de liaison enseignants et astronomes (Clea), est paru.<\/p>\n\n\n\n<p>Le dossier de ce num\u00e9ro labellis\u00e9 \u00ab\u00a0Ann\u00e9e de la physique\u00a0\u00bb est consacr\u00e9 au magn\u00e9tisme solaire et terrestre, et \u00e0 la m\u00e9t\u00e9orologie de l&rsquo;espace : Barbara Perri et Sacha Brun (Dap-AIM, CEA, Saclay) nous parlent de magn\u00e9tisme solaire ; Aude Chambodut (EOST, Strasbourg) et Aur\u00e9lie Marchaudon (Irap, Toulouse) nous en disent plus sur le g\u00e9omagn\u00e9tisme et Ga\u00ebl Cessateur (IASB, Bruxelles) nous explique les aurores polaires. Un court article de votre serviteur sur les aurores du mois de mai et quelques exp\u00e9riences sur la magn\u00e9tisme viennent compl\u00e9ter le tout.<\/p>\n\n\n\n<p>Le sommaire est \u00e0 d\u00e9couvrir l\u00e0 : <a href=\"http:\/\/clea-astro.eu\/vieclea\/productions-recentes\/cc\/cc186\/les-cahiers-clairaut-nb0186-2024-ete-2024\" target=\"_blank\" rel=\"noreferrer noopener\">http:\/\/clea-astro.eu\/vieclea\/productions-recentes\/cc\/cc186\/les-cahiers-clairaut-nb0186-2024-ete-2024<\/a><\/p>\n\n\n\n<p>N&rsquo;h\u00e9sitez pas \u00e0 nous soutenir en nous rejoignant et\/ou en abonnant votre institution. Et bien entendu, vous pouvez toujours nous proposer articles et activit\u00e9s p\u00e9dagogiques pour publication.<\/p>\n\n\n\n<p>Transmis par Fr\u00e9d\u00e9ric Pitout<\/p>\n\n\n\n<hr class=\"wp-block-separator has-alpha-channel-opacity\"\/>\n\n\n\n<p>Pour faire passer vos messages, envoyez un mail au secr\u00e9tariat SF2A (<a href=\"mailto:secretariat@sf2a.eu\">secretariat@sf2a.eu<\/a>) avant le vendredi 18h pour une diffusion le lundi apr\u00e8s-midi suivant.<\/p>\n","protected":false},"excerpt":{"rendered":"<h4>Message SF2A No 1094 &#8211; 24\/06\/24<\/h4>\n<p>\n1. Appel pour du soutien \u00e0 la mobilit\u00e9 internationale courte dur\u00e9e vers les IRL CNRS INSU.<br \/>\n2. Message HWO-France<br \/>\n3. Questionnaire ELT-PCS, compl\u00e9ment d&rsquo;information<br \/>\n4. Conference COMRAD: Cosmic Magnetism with Radio Astronomy 2024, 18-22 Nov. 2024, Pisa (Italy)<br \/>\n5. Conf\u00e9rence French astrophysics at radio frequencies, towards SKA, 12-15 nov. 2024, Paris (france)<br \/>\n6. C\u00e9l\u00e9bration du 90\u00e8me anniversaire de James Lequeux, 11 Sept 2024, Observatoire de Paris<br \/>\n7. Annonce de parution Cahiers Clairaut 186<\/p>\n","protected":false},"author":1,"featured_media":0,"comment_status":"closed","ping_status":"open","sticky":false,"template":"","format":"standard","meta":{"saved_in_kubio":false,"footnotes":""},"categories":[1],"tags":[],"class_list":["post-1806","post","type-post","status-publish","format-standard","hentry","category-uncategorized"],"_links":{"self":[{"href":"https:\/\/sf2a.eu\/website2023\/wp-json\/wp\/v2\/posts\/1806","targetHints":{"allow":["GET"]}}],"collection":[{"href":"https:\/\/sf2a.eu\/website2023\/wp-json\/wp\/v2\/posts"}],"about":[{"href":"https:\/\/sf2a.eu\/website2023\/wp-json\/wp\/v2\/types\/post"}],"author":[{"embeddable":true,"href":"https:\/\/sf2a.eu\/website2023\/wp-json\/wp\/v2\/users\/1"}],"replies":[{"embeddable":true,"href":"https:\/\/sf2a.eu\/website2023\/wp-json\/wp\/v2\/comments?post=1806"}],"version-history":[{"count":1,"href":"https:\/\/sf2a.eu\/website2023\/wp-json\/wp\/v2\/posts\/1806\/revisions"}],"predecessor-version":[{"id":1807,"href":"https:\/\/sf2a.eu\/website2023\/wp-json\/wp\/v2\/posts\/1806\/revisions\/1807"}],"wp:attachment":[{"href":"https:\/\/sf2a.eu\/website2023\/wp-json\/wp\/v2\/media?parent=1806"}],"wp:term":[{"taxonomy":"category","embeddable":true,"href":"https:\/\/sf2a.eu\/website2023\/wp-json\/wp\/v2\/categories?post=1806"},{"taxonomy":"post_tag","embeddable":true,"href":"https:\/\/sf2a.eu\/website2023\/wp-json\/wp\/v2\/tags?post=1806"}],"curies":[{"name":"wp","href":"https:\/\/api.w.org\/{rel}","templated":true}]}}