{"id":2002,"date":"2024-11-11T09:50:40","date_gmt":"2024-11-11T07:50:40","guid":{"rendered":"https:\/\/sf2a.eu\/website2023\/?p=2002"},"modified":"2024-11-11T09:50:40","modified_gmt":"2024-11-11T07:50:40","slug":"message-sf2a-no-1112","status":"publish","type":"post","link":"https:\/\/sf2a.eu\/website2023\/message-sf2a-no-1112\/","title":{"rendered":"Message SF2A No 1112"},"content":{"rendered":"\n<h2 class=\"wp-block-heading\">Message SF2A No 1112 &#8211; 11\/11\/24<\/h2>\n\n\n\n<ol class=\"wp-block-list\">\n<li>Appel \u00e0 candidatures pour le prix de th\u00e8se SF2A et le prix jeune chercheuse\/jeune chercheur 2025<\/li>\n\n\n\n<li>Rappel : Appel \u00e0 propositions d\u2019ateliers aux Journ\u00e9es SF2A 2025<\/li>\n\n\n\n<li>Rappel : Appel d\u2019offres \u00ab Actions de diffusion de la culture scientifique \u00bb<\/li>\n\n\n\n<li>IAU National Outreach Coordinator France<\/li>\n\n\n\n<li>Journ\u00e9e \u00ab\u00a0Accompagner les enseignants du primaire en science : comment faire ?\u00a0\u00bb le 12 novembre \u00e0 Paris<\/li>\n\n\n\n<li>Call for Research Residencies in the Pyrenees 2024-2025<\/li>\n\n\n\n<li>Le num\u00e9ro de novembre du magazine de la SAF l\u2019Astronomie est paru<\/li>\n<\/ol>\n\n\n\n<h3 class=\"wp-block-heading\">1. Appel \u00e0 candidatures pour le prix de th\u00e8se SF2A et le prix jeune chercheuse\/jeune chercheur 2025<\/h3>\n\n\n\n<p>Vous pouvez d\u00e8s \u00e0 pr\u00e9sent d\u00e9poser votre candidature pour le prix de th\u00e8se SF2A ainsi que pour le prix jeune chercheur\/jeune chercheuse 2025.La soumission de la candidature s\u2019effectue en remplissant le formulaire en ligne : <a href=\"https:\/\/sf2a.eu\/limesurvey\/index.php\/474551?lang=fr\" target=\"_blank\" rel=\"noreferrer noopener\">https:\/\/sf2a.eu\/limesurvey\/index.php\/474551?lang=fr<\/a><\/p>\n\n\n\n<p>La remise des prix aura lieu pendant la \u00ab Semaine de l\u2019Astrophysique Fran\u00e7aise 2025 \u00bb qui se tiendra du 1 au 5 juillet 2025 \u00e0 Toulouse.<br>La date limite de d\u00e9p\u00f4t des dossiers est fix\u00e9e au 12 janvier 2025 23h59 pour les deux prix.<\/p>\n\n\n\n<p>Toutes les modalit\u00e9s pour candidater \u00e0 ces prix sont disponibles sur le site de SF2A ( <a href=\"https:\/\/sf2a.eu\/website2023\/prix_et_concours\/\" target=\"_blank\" rel=\"noreferrer noopener\">https:\/\/sf2a.eu\/website2023\/prix_et_concours\/<\/a>).<\/p>\n\n\n\n<p>Le Conseil de la SF2A<\/p>\n\n\n\n<h3 class=\"wp-block-heading\">2. Rappel : Appel \u00e0 propositions d\u2019ateliers aux Journ\u00e9es SF2A 2025<\/h3>\n\n\n\n<p>Pour pr\u00e9parer la Semaine de l\u2019Astrophysique 2025, du 1 au 4 juillet 2025 \u00e0 Toulouse, la SF2A lance un appel \u00e0 id\u00e9es aupr\u00e8s de la communaut\u00e9, des Programmes Nationaux (PN), des Actions Th\u00e9matiques (AT) et des Actions Sp\u00e9cifiques (AS), pour l\u2019organisation des ateliers. Les journ\u00e9es de la SF2A sont traditionnellement organis\u00e9es le matin en sessions pl\u00e9ni\u00e8res et l\u2019apr\u00e8s-midi en ateliers.<\/p>\n\n\n\n<p>Le conseil de la SF2A vous invite, en tant que PN\/AT\/AS\/GDR ou chercheur, \u00e0 jour de sa cotisation, \u00e0 proposer des ateliers via le formulaire en ligne :<br><a href=\"http:\/\/sf2a.eu\/limesurvey\/index.php\/443814?lang=fr\" target=\"_blank\" rel=\"noreferrer noopener\">http:\/\/sf2a.eu\/limesurvey\/index.php\/443814?lang=fr<\/a><\/p>\n\n\n\n<p>Votre proposition devra comporter une description des objectifs scientifiques, la composition du SOC et, \u00e9ventuellement, une liste d\u2019orateurs possibles.<br>Les ateliers propos\u00e9s devront \u00eatre planifi\u00e9s sur une ou deux demi-journ\u00e9es (apr\u00e8s-midi) chacun.<br>La date limite de r\u00e9ception des propositions est fix\u00e9e au 17 d\u00e9cembre 2024 \u00e0 23h59.<\/p>\n\n\n\n<p>Le Conseil de la SF2A<\/p>\n\n\n\n<h3 class=\"wp-block-heading\">3. Rappel : Appel d\u2019offres \u00ab Actions de diffusion de la culture scientifique \u00bb<\/h3>\n\n\n\n<p>La SF2A finance tous les ans quelques actions de diffusion de la culture scientifique. Les actions propos\u00e9es peuvent prendre des formes diverses. Les crit\u00e8res suivants devront \u00eatre pris en compte dans les dossiers :<\/p>\n\n\n\n<ul class=\"wp-block-list\">\n<li>le montant demand\u00e9 \u00e0 la SF2A doit \u00eatre sup\u00e9rieur \u00e0 20% du budget total du projet (le saupoudrage de subventions n\u2019est pas souhaitable et la<br>SF2A veut appara\u00eetre comme un moteur du projet). Une justification d\u00e9taill\u00e9e du budget demand\u00e9 \u00e0 la SF2A est n\u00e9cessaire.<\/li>\n\n\n\n<li>les projets de type r\u00e9current (i.e. demandant le soutien de la SF2A sur plusieurs ann\u00e9es, pour une m\u00eame action) ne seront pas consid\u00e9r\u00e9s<\/li>\n\n\n\n<li>une attention toute particuli\u00e8re sera port\u00e9e vers les id\u00e9es originales.<\/li>\n<\/ul>\n\n\n\n<p>La date limite pour r\u00e9pondre \u00e0 cet appel d\u2019offre est le 17 d\u00e9cembre 2024 \u00e0 23h59.<br>Toutes les informations sur : <a href=\"https:\/\/sf2a.eu\/website2023\/appels_offre\/\" target=\"_blank\" rel=\"noreferrer noopener\">https:\/\/sf2a.eu\/website2023\/appels_offre\/<\/a><\/p>\n\n\n\n<p>Le Conseil de la SF2A<\/p>\n\n\n\n<h3 class=\"wp-block-heading\">4. IAU National Outreach Coordinator France<\/h3>\n\n\n\n<p>Ch\u00e8res et chers coll\u00e8gues,<\/p>\n\n\n\n<p>Notre mandat arrivant \u00e0 son terme d\u2019ici la fin de l&rsquo;ann\u00e9e, l\u2019Union Astronomique Internationale cherche un\u00b7e\/plusieurs nouveau\u00b7elle\u00b7s coordinateur\u00b7rice\u00b7s de la diffusion scientifique pour la France (NOC pour National Outreach Coordinator &#8211; <a href=\"https:\/\/www.iau.org\/public\/oao\/\" target=\"_blank\" rel=\"noreferrer noopener\">https:\/\/www.iau.org\/public\/oao\/<\/a>), pour un mandat de 5 ans. Le r\u00f4le consiste \u00e0 se faire le relais des informations entre l\u2019IAU et la communaut\u00e9 \u00e0 la fois professionnelle et amateurs (notamment par le biais de la SAF qui nous aide \u00e0 diffuser les informations), monter des projets de diffusion scientifique, notamment dans le cadre des journ\u00e9es Women and Girls in Astronomy ou Dark and Quiet Skies. Ces projets peuvent \u00eatre r\u00e9alis\u00e9s en collaboration avec les NOCs d\u2019autres pays. Les personnes int\u00e9ress\u00e9es peuvent nous contacter pour avoir davantage d\u2019informations, \u00e9changer sur les projets voire signaler leur int\u00e9r\u00eat \u00e0 devenir NOC (<a href=\"https:\/\/sites.google.com\/oao.iau.org\/iauoaonews\/national-pages\/France\" target=\"_blank\" rel=\"noreferrer noopener\">https:\/\/sites.google.com\/oao.iau.org\/iauoaonews\/national-pages\/France<\/a>):<\/p>\n\n\n\n<p>Miho Janvier (<a href=\"mailto:miho.janvier@universite-paris-saclay.fr\">miho.janvier@universite-paris-saclay.fr<\/a>) et Lucie Leboulleux (<a href=\"mailto:lucie.leboulleux@univ-grenoble-alpes.fr\">lucie.leboulleux@univ-grenoble-alpes.fr<\/a>)<\/p>\n\n\n\n<p>Transmis par Miho Janvier<\/p>\n\n\n\n<h3 class=\"wp-block-heading\">5. Journ\u00e9e \u00ab\u00a0Accompagner les enseignants du primaire en science : comment faire ?\u00a0\u00bb le 12 novembre \u00e0 Paris<\/h3>\n\n\n\n<p>Un lien zoom a \u00e9t\u00e9 cr\u00e9\u00e9 pour ceux qui veulent suivre \u00e0 distance la journ\u00e9e \u00ab\u00a0Accompagner les enseignants du primaire en science : comment faire ?\u00a0\u00bb le 12 novembre \u00e0 Paris. Cependant, cela ne permettra probablement pas de bien profiter des \u00e9changes.<\/p>\n\n\n\n<p>Participer Zoom R\u00e9union:<br><a href=\"https:\/\/cnrs.zoom.us\/j\/99063794496?pwd=BTom61oesATsUZFTRBDzaEWBpOuyYd.1\" target=\"_blank\" rel=\"noreferrer noopener\">https:\/\/cnrs.zoom.us\/j\/99063794496?pwd=BTom61oesATsUZFTRBDzaEWBpOuyYd.1<\/a><\/p>\n\n\n\n<p>ID de r\u00e9union: 990 6379 4496<br>Code secret: C6DMiD<\/p>\n\n\n\n<p>Transmis par Louise Nyssen<\/p>\n\n\n\n<h3 class=\"wp-block-heading\">6. Call for Research Residencies in the Pyrenees 2024-2025<\/h3>\n\n\n\n<p>After a great 2023-2024 season, the <a href=\"http:\/\/intp.science\/\">Institut Natura e Teoria en Piren\u00e8us<\/a> is opening its 2024-2025 series of scientific and artistic research residencies in the French Pyrenees.<\/p>\n\n\n\n<p><strong>Who we are: <\/strong>An independent lab in the mountains, run as a nonprofit by researchers from various fields (including ecology, physics and history), that frequently hosts students, academics, artists and citizens.<\/p>\n\n\n\n<p><strong>Why come: <\/strong>To take time to focus on your projects or reflect on long-term goals, experiment with how you practice and live research, and share this experience with other residents from diverse backgrounds in a quiet natural setting.<\/p>\n\n\n\n<p><strong>Please <a href=\"https:\/\/intp.science\/en\/content\/residency\" target=\"_blank\" rel=\"noreferrer noopener\">find all details and apply on our website<\/a> &amp; spread this call around you!<\/strong><\/p>\n\n\n\n<p><strong>The call is open to all profiles and disciplines.<\/strong><\/p>\n\n\n\n<p>Some examples of past residencies or events (among more than 50 since 2022)<br>&#8211; Writing retreat for an article, a book or a thesis<br>&#8211; Scientific illustration project<br>&#8211; Sabbatical, career pivot<br>&#8211; Scientific workshop or summer camp with an original format and focus<br>&#8211; Freelance, part-time or non-professional research<\/p>\n\n\n\n<p>We also welcome proposals for group activities and events.<\/p>\n\n\n\n<p>Do not hesitate to write us at <a href=\"mailto:contact@intp.science\">contact@intp.science<\/a> for any further information (or to opt out of our emails).<\/p>\n\n\n\n<p>Transmis par Marc Joos<\/p>\n\n\n\n<h3 class=\"wp-block-heading\">7. Le num\u00e9ro de novembre du magazine de la SAF l\u2019Astronomie est paru<\/h3>\n\n\n\n<p>Le num\u00e9ro de novembre (n\u00b0187) du magazine de la SAF l\u2019Astronomie est paru, vous pouvez vous le procurer en kiosque ou sur abonnement.<\/p>\n\n\n\n<p>Dans le double Zoom, S.Collin-Zahn (OP) montre comment la mission Euclid peut aider \u00e0 pr\u00e9voir le futur de l\u2019Univers, et D. Pomar\u00e8de (Irfu, CEA) d\u00e9voile que des chercheurs ont d\u00e9couvert les fossiles des ondes acoustiques baryoniques. Dans les Actualit\u00e9s, F. Deschamps (IESA, Taipei, Taiwan) pr\u00e9sente les derni\u00e8res nouvelles d\u2019Encelade, S. Collin-Zahn r\u00e9v\u00e8le que des populations d\u2019\u00e9toiles vieilles et des gros trous noirs ont \u00e9t\u00e9 cr\u00e9\u00e9s juste apr\u00e8s le Big Bang et T. Encrenaz (OP) montre que Arrokoth, un transneptunien explor\u00e9 par la sonde New Horizons, est recouvert de sucre. R. Ferlet (IAP) rend compte de l\u2019A.G de l\u2019UAI tenue pour la premi\u00e8re fois en Afrique du sud, en ao\u00fbt 2024. Dans la rubrique Spatial, T. Encrenaz pr\u00e9sente le double survol de la Lune et de la Terre par la mission Juice, et J. Borg le journal de Perseverance avec l\u2019\u00e9tude du crat\u00e8re Jezero. Dans la rubrique Histoire C. Gamez (Universit\u00e9 de Lorraine) nous fait revivre un si\u00e8cle et demi d\u2019histoire de l\u2019observatoire de Besan\u00e7on.<br>Dans la rubrique, OetT, Alain Sallez (SAF) nous am\u00e8ne au c\u0153ur de la n\u00e9buleuse de l\u2019Aigle, et dans la rubrique Observer le Ciel G. Sautot et E. Evrard (Science et culture en Picardie) nous invitent \u00e0 observer NGC 1275 alors que R. Cacault nous propose une balade lunaire dans l\u2019Oc\u00e9an des temp\u00eates.<\/p>\n\n\n\n<p>Pour vous informer sur le num\u00e9ro en cours et les num\u00e9ros pr\u00e9c\u00e9dents, ou vous abonner, voir <a href=\"https:\/\/lastronomie.fr\" target=\"_blank\" rel=\"noreferrer noopener\">https:\/\/lastronomie.fr<\/a><\/p>\n\n\n\n<p>Transmis par Nicole Mein<\/p>\n\n\n\n<hr class=\"wp-block-separator has-alpha-channel-opacity\"\/>\n\n\n\n<p>Pour faire passer vos messages, envoyez un mail au secr\u00e9tariat SF2A (<a href=\"mailto:secretariat@sf2a.eu\">secretariat@sf2a.eu<\/a>) avant le vendredi 18h pour une diffusion le lundi apr\u00e8s-midi suivant.<\/p>\n","protected":false},"excerpt":{"rendered":"<h4>Message SF2A No 1112 &#8211; 11\/11\/24<\/h4>\n<p>\n1. Appel \u00e0 candidatures pour le prix de th\u00e8se SF2A et le prix jeune chercheuse\/jeune chercheur 2025<br \/>\n2. Rappel : Appel \u00e0 propositions d\u2019ateliers aux Journ\u00e9es SF2A 2025<br \/>\n3. Rappel : Appel d\u2019offres \u00ab Actions de diffusion de la culture scientifique \u00bb<br \/>\n4. IAU National Outreach Coordinator France<br \/>\n5. Journ\u00e9e \u00ab\u00a0Accompagner les enseignants du primaire en science : comment faire ?\u00a0\u00bb le 12 novembre \u00e0 Paris<br \/>\n6. Call for Research Residencies in the Pyrenees 2024-2025<br \/>\n7. Le num\u00e9ro de novembre du magazine de la SAF l\u2019Astronomie est paru<\/p>\n","protected":false},"author":1,"featured_media":0,"comment_status":"closed","ping_status":"open","sticky":false,"template":"","format":"standard","meta":{"saved_in_kubio":false,"footnotes":""},"categories":[1],"tags":[],"class_list":["post-2002","post","type-post","status-publish","format-standard","hentry","category-uncategorized"],"_links":{"self":[{"href":"https:\/\/sf2a.eu\/website2023\/wp-json\/wp\/v2\/posts\/2002","targetHints":{"allow":["GET"]}}],"collection":[{"href":"https:\/\/sf2a.eu\/website2023\/wp-json\/wp\/v2\/posts"}],"about":[{"href":"https:\/\/sf2a.eu\/website2023\/wp-json\/wp\/v2\/types\/post"}],"author":[{"embeddable":true,"href":"https:\/\/sf2a.eu\/website2023\/wp-json\/wp\/v2\/users\/1"}],"replies":[{"embeddable":true,"href":"https:\/\/sf2a.eu\/website2023\/wp-json\/wp\/v2\/comments?post=2002"}],"version-history":[{"count":1,"href":"https:\/\/sf2a.eu\/website2023\/wp-json\/wp\/v2\/posts\/2002\/revisions"}],"predecessor-version":[{"id":2003,"href":"https:\/\/sf2a.eu\/website2023\/wp-json\/wp\/v2\/posts\/2002\/revisions\/2003"}],"wp:attachment":[{"href":"https:\/\/sf2a.eu\/website2023\/wp-json\/wp\/v2\/media?parent=2002"}],"wp:term":[{"taxonomy":"category","embeddable":true,"href":"https:\/\/sf2a.eu\/website2023\/wp-json\/wp\/v2\/categories?post=2002"},{"taxonomy":"post_tag","embeddable":true,"href":"https:\/\/sf2a.eu\/website2023\/wp-json\/wp\/v2\/tags?post=2002"}],"curies":[{"name":"wp","href":"https:\/\/api.w.org\/{rel}","templated":true}]}}