{"id":2030,"date":"2024-12-01T05:34:16","date_gmt":"2024-12-01T03:34:16","guid":{"rendered":"https:\/\/sf2a.eu\/website2023\/?p=2030"},"modified":"2024-12-01T05:34:16","modified_gmt":"2024-12-01T03:34:16","slug":"message-sf2a-no-1115","status":"publish","type":"post","link":"https:\/\/sf2a.eu\/website2023\/message-sf2a-no-1115\/","title":{"rendered":"Message SF2A No 1115"},"content":{"rendered":"\n<h2 class=\"wp-block-heading\">Message SF2A No 1115 &#8211; 02\/12\/24<\/h2>\n\n\n\n<ol class=\"wp-block-list\">\n<li>Rappel: Appel \u00e0 propositions d\u2019ateliers aux Journ\u00e9es SF2A 2025<\/li>\n\n\n\n<li>Rappel : Appel d\u2019offre \u00ab Actions de diffusion de la culture scientifique \u00bb<\/li>\n\n\n\n<li>Appel d\u2019Offre Subvention Congr\u00e8s<\/li>\n\n\n\n<li>Avis de vacance direction LIRA, LTE, LUX, UNIDIA<\/li>\n\n\n\n<li>Avis de vacance direction LAB<\/li>\n\n\n\n<li>Ouverture de 2 postes compl\u00e9mentaires dans l&rsquo;\u00e9quipe scientifique LISA<\/li>\n\n\n\n<li>Postdocs and Other Non-Permanent Researchers: Please, Fill out the Space Physics Postdoc Survey<\/li>\n\n\n\n<li>Action pro-am ExoClock Unlocked<\/li>\n\n\n\n<li>Association Les P&rsquo;tits cueilleurs d&rsquo;\u00e9toiles<\/li>\n\n\n\n<li>Olympiades internationales de physique<\/li>\n<\/ol>\n\n\n\n<h3 class=\"wp-block-heading\">1. Rappel: Appel \u00e0 propositions d\u2019ateliers aux Journ\u00e9es SF2A 2025<\/h3>\n\n\n\n<p>Pour pr\u00e9parer la Semaine de l\u2019Astrophysique 2025, du 1 au 4 juillet 2025 \u00e0 Toulouse, la SF2A lance un appel \u00e0 id\u00e9es aupr\u00e8s de la communaut\u00e9, des Programmes Nationaux (PN), des Actions Th\u00e9matiques (AT) et des Actions Sp\u00e9cifiques (AS), pour l\u2019organisation des ateliers. Les journ\u00e9es de la SF2A sont traditionnellement organis\u00e9es le matin en sessions pl\u00e9ni\u00e8res et l\u2019apr\u00e8s-midi en ateliers.<br>Le conseil de la SF2A vous invite, en tant que PN\/AT\/AS\/GDR ou chercheur, \u00e0 jour de sa cotisation, \u00e0 proposer des ateliers via le formulaire en ligne :<br><a href=\"http:\/\/sf2a.eu\/limesurvey\/index.php\/443814?lang=fr\" target=\"_blank\" rel=\"noreferrer noopener\">http:\/\/sf2a.eu\/limesurvey\/index.php\/443814?lang=fr<\/a><br>Votre proposition devra comporter une description des objectifs scientifiques, la composition du SOC et, \u00e9ventuellement, une liste d\u2019orateurs possibles.<br>Les ateliers propos\u00e9s devront \u00eatre planifi\u00e9s sur une ou deux demi-journ\u00e9es (apr\u00e8s-midi) chacun.<br>La date limite de r\u00e9ception des propositions est fix\u00e9e au 17 d\u00e9cembre 2024 \u00e0 23h59.<\/p>\n\n\n\n<p>Le Conseil de la SF2A<\/p>\n\n\n\n<h3 class=\"wp-block-heading\">2. Rappel : Appel d\u2019offre \u00ab Actions de diffusion de la culture scientifique \u00bb<\/h3>\n\n\n\n<p>La SF2A finance tous les ans quelques actions de diffusion de la culture scientifique. Les actions propos\u00e9es peuvent prendre des formes diverses. Les crit\u00e8res suivants devront \u00eatre pris en compte dans les dossiers :<br>\u2022 le montant demand\u00e9 \u00e0 la SF2A doit \u00eatre sup\u00e9rieur \u00e0 20% du budget total du projet (le saupoudrage de subventions n\u2019est pas souhaitable et la<br>SF2A veut appara\u00eetre comme un moteur du projet). Une justification d\u00e9taill\u00e9e du budget demand\u00e9 \u00e0 la SF2A est n\u00e9cessaire.<br>\u2022 les projets de type r\u00e9current (i.e. demandant le soutien de la SF2A sur plusieurs ann\u00e9es, pour une m\u00eame action) ne seront pas consid\u00e9r\u00e9s<br>\u2022 une attention toute particuli\u00e8re sera port\u00e9e vers les id\u00e9es originales.<br>La date limite pour r\u00e9pondre \u00e0 cet appel d\u2019offre est le 17 d\u00e9cembre 2024 \u00e0 23h59.<br>Toutes les informations sur : <a href=\"https:\/\/sf2a.eu\/website2023\/appels_offre\/\" target=\"_blank\" rel=\"noreferrer noopener\">https:\/\/sf2a.eu\/website2023\/appels_offre\/<\/a><\/p>\n\n\n\n<p>Le Conseil de la SF2A<\/p>\n\n\n\n<h3 class=\"wp-block-heading\">3. Appel d\u2019Offre Subvention Congr\u00e8s<\/h3>\n\n\n\n<p>La SF2A peut vous soutenir financi\u00e8rement pour l\u2019organisation de congr\u00e8s et \u00e9coles. Un nouvel appel d\u2019offre en ce sens a \u00e9t\u00e9 ouvert. Celui-ci sera bi-annuel, avec des dates limites de proposition fin mars et d\u00e9but octobre.<br>La date limite pour soumettre vos prochaines propositions est fix\u00e9e au 28 mars 2025 et celle-ci doivent parvenir au secr\u00e9tariat de la SF2A (<a href=\"mailto:secretariat@sf2a.eu\">secretariat@sf2a.eu<\/a>). Les r\u00e9sultats seront annonc\u00e9 au mois de mai 2025.<br>Plus d\u2019information sur le site de la SF2A.<\/p>\n\n\n\n<p>Le conseil de la SF2A<\/p>\n\n\n\n<h3 class=\"wp-block-heading\">4. Avis de vacance direction LIRA, LTE, LUX, UNIDIA<\/h3>\n\n\n\n<p>Au 1er janvier 2025, quatre nouvelles unit\u00e9s de recherche seront cr\u00e9\u00e9s au sein de l\u2019Observatoire de Paris &#8211; PSL: 3 UMRs, qui seront \u00e9galement des d\u00e9partements scientifiques de l\u2019Observatoire de Paris, et une UAR, qui sera \u00e9galement un service scientifique de l\u2019Observatoire de Paris.<br>Il s\u2019agit du LIRA, du LTE, du LUX et d\u2019UNIDIA.<br>Les fonctions de directeur\/directrice de ces 4 unit\u00e9s sont \u00e0 pourvoir au 14 avril 2025.<\/p>\n\n\n\n<p>Les candidatures sont \u00e0 adresser par courrier \u00e9lectronique aux repr\u00e9sentants des tutelles d\u00e9sign\u00e9s dans la lettre d\u2019appel \u00e0 candidatures, avant le 17 f\u00e9vrier 2025.<\/p>\n\n\n\n<div data-wp-interactive=\"core\/file\" class=\"wp-block-file\"><object data-wp-bind--hidden=\"!state.hasPdfPreview\" hidden class=\"wp-block-file__embed\" data=\"https:\/\/sf2a.eu\/website2023\/wp-content\/uploads\/2024\/12\/Appel-direction-UNIDIA.pdf\" type=\"application\/pdf\" style=\"width:100%;height:600px\" aria-label=\"Contenu embarqu\u00e9 Appel direction UNIDIA.\"><\/object><a id=\"wp-block-file--media-2de6be9f-2649-4b72-924f-163f19345994\" href=\"https:\/\/sf2a.eu\/website2023\/wp-content\/uploads\/2024\/12\/Appel-direction-UNIDIA.pdf\">Appel direction UNIDIA<\/a><a href=\"https:\/\/sf2a.eu\/website2023\/wp-content\/uploads\/2024\/12\/Appel-direction-UNIDIA.pdf\" class=\"wp-block-file__button wp-element-button\" download aria-describedby=\"wp-block-file--media-2de6be9f-2649-4b72-924f-163f19345994\">T\u00e9l\u00e9charger<\/a><\/div>\n\n\n\n<div data-wp-interactive=\"core\/file\" class=\"wp-block-file\"><object data-wp-bind--hidden=\"!state.hasPdfPreview\" hidden class=\"wp-block-file__embed\" data=\"https:\/\/sf2a.eu\/website2023\/wp-content\/uploads\/2024\/12\/Appel-direction-LUX.pdf\" type=\"application\/pdf\" style=\"width:100%;height:600px\" aria-label=\"Contenu embarqu\u00e9 Appel direction LUX.\"><\/object><a id=\"wp-block-file--media-cd84f27f-7665-46c0-a0bd-4cff44c569f7\" href=\"https:\/\/sf2a.eu\/website2023\/wp-content\/uploads\/2024\/12\/Appel-direction-LUX.pdf\">Appel direction LUX<\/a><a href=\"https:\/\/sf2a.eu\/website2023\/wp-content\/uploads\/2024\/12\/Appel-direction-LUX.pdf\" class=\"wp-block-file__button wp-element-button\" download aria-describedby=\"wp-block-file--media-cd84f27f-7665-46c0-a0bd-4cff44c569f7\">T\u00e9l\u00e9charger<\/a><\/div>\n\n\n\n<div data-wp-interactive=\"core\/file\" class=\"wp-block-file\"><object data-wp-bind--hidden=\"!state.hasPdfPreview\" hidden class=\"wp-block-file__embed\" data=\"https:\/\/sf2a.eu\/website2023\/wp-content\/uploads\/2024\/12\/Appel-direction-LTE.pdf\" type=\"application\/pdf\" style=\"width:100%;height:600px\" aria-label=\"Contenu embarqu\u00e9 Appel direction LTE.\"><\/object><a id=\"wp-block-file--media-c6e93a3a-633f-4991-85d1-ae953da75037\" href=\"https:\/\/sf2a.eu\/website2023\/wp-content\/uploads\/2024\/12\/Appel-direction-LTE.pdf\">Appel direction LTE<\/a><a href=\"https:\/\/sf2a.eu\/website2023\/wp-content\/uploads\/2024\/12\/Appel-direction-LTE.pdf\" class=\"wp-block-file__button wp-element-button\" download aria-describedby=\"wp-block-file--media-c6e93a3a-633f-4991-85d1-ae953da75037\">T\u00e9l\u00e9charger<\/a><\/div>\n\n\n\n<div data-wp-interactive=\"core\/file\" class=\"wp-block-file\"><object data-wp-bind--hidden=\"!state.hasPdfPreview\" hidden class=\"wp-block-file__embed\" data=\"https:\/\/sf2a.eu\/website2023\/wp-content\/uploads\/2024\/12\/Appel-direction-LIRA.pdf\" type=\"application\/pdf\" style=\"width:100%;height:600px\" aria-label=\"Contenu embarqu\u00e9 Appel direction LIRA.\"><\/object><a id=\"wp-block-file--media-79629de5-3e65-444b-a05e-59735b60c18e\" href=\"https:\/\/sf2a.eu\/website2023\/wp-content\/uploads\/2024\/12\/Appel-direction-LIRA.pdf\">Appel direction LIRA<\/a><a href=\"https:\/\/sf2a.eu\/website2023\/wp-content\/uploads\/2024\/12\/Appel-direction-LIRA.pdf\" class=\"wp-block-file__button wp-element-button\" download aria-describedby=\"wp-block-file--media-79629de5-3e65-444b-a05e-59735b60c18e\">T\u00e9l\u00e9charger<\/a><\/div>\n\n\n\n<p>Transmis par Fabienne Casoli et Martin Giard<\/p>\n\n\n\n<h3 class=\"wp-block-heading\">5. Avis de vacance direction LAB<\/h3>\n\n\n\n<p>La fonction de directeur\/directrice du laboratoire d&rsquo;astrophysique de bordeaux sera vacante \u00e0 compter du 1er janvier 2026. Le LAB est membre de l&rsquo;Observatoire Aquitain des Sciences de l&rsquo;Univers (OASU) et compte 75 personnels r\u00e9partis dans 5 \u00e9quipes scientifiques, 3 \u00e9quipes techniques et un service administratif.<\/p>\n\n\n\n<p>Les candidatures sont \u00e0 adresser par mail pour le 30 avril 2025 au plus tard \u00e0 :<br>\u00b7 Mme Nathalie Sans, Vice-pr\u00e9sidente en charge de la recherche \u00e0 l\u2019Universit\u00e9 de Bordeaux (<a href=\"mailto:nathalie.sans@u-bordeaux.fr\">nathalie.sans@u-bordeaux.fr<\/a>) ;<br>\u00b7 M. Martin Giard, Directeur adjoint scientifique Astronomie et astrophysique au CNRS-INSU (<a href=\"mailto:insu.dasaa@cnrs.fr\">insu.dasaa@cnrs.fr<\/a>).<\/p>\n\n\n\n<p>L\u2019acte de candidature comprendra :<br>\u00b7 une lettre de motivation ;<br>\u00b7 un CV ;<br>\u00b7 une notice des titres et travaux mentionnant les publications les plus significatives.<\/p>\n\n\n\n<p>Les personnes int\u00e9ress\u00e9es peuvent se mettre en rapport avec le pr\u00e9sident du comit\u00e9 de recherche : Philippe Salom\u00e9 (<a href=\"mailto:philippe.salome@observatoiredeparis.psl.eu\">philippe.salome@observatoiredeparis.psl.eu<\/a>).<\/p>\n\n\n\n<div data-wp-interactive=\"core\/file\" class=\"wp-block-file\"><object data-wp-bind--hidden=\"!state.hasPdfPreview\" hidden class=\"wp-block-file__embed\" data=\"https:\/\/sf2a.eu\/website2023\/wp-content\/uploads\/2024\/12\/Avis-de-vacance-Direction-LAB.pdf\" type=\"application\/pdf\" style=\"width:100%;height:600px\" aria-label=\"Contenu embarqu\u00e9 Avis de vacance-Direction LAB.\"><\/object><a id=\"wp-block-file--media-d364d704-da01-40d1-a4bc-f97339e4bcda\" href=\"https:\/\/sf2a.eu\/website2023\/wp-content\/uploads\/2024\/12\/Avis-de-vacance-Direction-LAB.pdf\">Avis de vacance-Direction LAB<\/a><a href=\"https:\/\/sf2a.eu\/website2023\/wp-content\/uploads\/2024\/12\/Avis-de-vacance-Direction-LAB.pdf\" class=\"wp-block-file__button wp-element-button\" download aria-describedby=\"wp-block-file--media-d364d704-da01-40d1-a4bc-f97339e4bcda\">T\u00e9l\u00e9charger<\/a><\/div>\n\n\n\n<p>Transmis par Olivia Venot<\/p>\n\n\n\n<h3 class=\"wp-block-heading\">6. Ouverture de 2 postes compl\u00e9mentaires dans l&rsquo;\u00e9quipe scientifique LISA<\/h3>\n\n\n\n<p>The Announcement of Opportunity, containing the necessary information about the LISA mission, the tasks of the Complementary Scientists and the LISA Science Team, and the information needed by proposers, can be found at: <a href=\"https:\/\/www.cosmos.esa.int\/web\/lisa-cs-2024\" target=\"_blank\" rel=\"noreferrer noopener\">https:\/\/www.cosmos.esa.int\/web\/lisa-cs-2024<\/a><\/p>\n\n\n\n<p>The Announcement of Opportunity will close on 22 January 2025 at 12:00 hrs (noon) CET. Proposals must be submitted electronically to ESA as indicated at <a href=\"https:\/\/www.cosmos.esa.int\/web\/lisa-cs-2024\" target=\"_blank\" rel=\"noreferrer noopener\">https:\/\/www.cosmos.esa.int\/web\/lisa-cs-2024<\/a><\/p>\n\n\n\n<p>Transmis par Martin Boutelier<\/p>\n\n\n\n<h3 class=\"wp-block-heading\">7. Postdocs and Other Non-Permanent Researchers: Please, Fill out the Space Physics Postdoc Survey<\/h3>\n\n\n\n<p>POSTDOCS AND OTHER NON-PERMANENT RESEARCHERS<br>Please fill out the survey found at the link below!<\/p>\n\n\n\n<p><a href=\"https:\/\/redcap.helsinki.fi\/redcap\/surveys\/?s=TCPL4WJJCMFAYJDM\">https:\/\/redcap.helsinki.fi\/redcap\/surveys\/?s=TCPL4WJJCMFAYJDM<\/a><\/p>\n\n\n\n<p>The questionnaire is anonymous and does not require registration.<\/p>\n\n\n\n<p>This survey is intended to measure the working conditions and career prospects of non-permanent researchers in the international heliospheric, magnetospheric, and ionospheric\u2013thermospheric physics communities. We are particularly interested in the challenges faced by post-PhD researchers as they work to advance their careers.<\/p>\n\n\n\n<p>In this project, we are motivated by the following questions:<\/p>\n\n\n\n<ol class=\"wp-block-list\">\n<li>How are postdocs doing in our field?<\/li>\n\n\n\n<li>Are there any issues that need to be addressed? What are the causes?<\/li>\n\n\n\n<li>What can be done to improve the situation?<\/li>\n<\/ol>\n\n\n\n<p>We intend to publish the survey results and use them to promote postdoc wellbeing in our community.<\/p>\n\n\n\n<p>The survey will close on January 11, 2025. Be sure to submit your final answers before then, and also to share the link with other postdocs and non-permanent researchers!<\/p>\n\n\n\n<p>For more information, you may contact the survey administrators: <a href=\"mailto:konstantinos.horaites@helsinki.fi\">konstantinos.horaites@helsinki.fi<\/a> , <a href=\"mailto:giulia.cozzani@cnrs-orleans.fr\">giulia.cozzani@cnrs-orleans.fr<\/a> , <a href=\"mailto:eleanna.asvestari@helsinki.fi\">eleanna.asvestari@helsinki.fi<\/a> , <a href=\"mailto:maxime.grandin@fmi.fi\">maxime.grandin@fmi.fi<\/a><\/p>\n\n\n\n<p>Transmis par Giulia Cozzani<\/p>\n\n\n\n<h3 class=\"wp-block-heading\">8. Action pro-am ExoClock Unlocked<\/h3>\n\n\n\n<p>This message concerns the professional astronomers involved in collaboration with the amateur community &#8211; the ExoClock program is part of the activities devoted to the preparation of the ESA\/Ariel mission, and relies on observations of transit ephemeris by a large number of both amateur and professional astronomers ; a coordination of the program is ensured in Institut d\u2019Astrophysique de Paris (contact : Pierre Drossart), through the Ariel-France website : https:\/\/www.ariel-mission.fr\/ in relation with the Service d\u2019Observation Ariel of INSU. We would be delighted if you could circulate this message to the amateur community.<\/p>\n\n\n\n<p>Exoclock Unlocked &#8211; Deviens explorateur d&rsquo;exoplan\u00e8tes et soutiens la mission spatiale Ariel!<\/p>\n\n\n\n<p>Exoclock Unlocked est un programme d\u00e9di\u00e9 aux astronomes enthousiastes et curieux qui voudraient s&rsquo;engager pour la recherche d&rsquo;exoplan\u00e8tes. Pas besoin de t\u00e9lescopes et pas de pr\u00e9-requis pour participer, juste de la motivation d&rsquo;apprendre sur les Exoplan\u00e8tes!<br>Dans ce projet, les participants utiliseront un t\u00e9lescope \u00e0 distance pour observer des transits d&rsquo;exoplan\u00e8tes, et supporter la prochaine mission spatiale Ariel de l&rsquo;ESA qui \u00e9tudiera les atmosph\u00e8res exoplan\u00e9taires.<br>Exoclock Unlocked est ouvert \u00e0 tous ceux qui n&rsquo;ont pas acc\u00e8s \u00e0 un t\u00e9lescope fait pour la photom\u00e9trie, des amateurs, aux \u00e9tudiants et aux citoyens. Le programme accueille des participants du monde entier, de tous types de niveaux et d&rsquo;exp\u00e9riences.<br>\u00c0 travers l&rsquo;entra\u00eenement en ligne tous les mois, les participants vont r\u00e9aliser des observations \u00e0 distance, analyser leurs donn\u00e9es et contribuer \u00e0 la mission spatiale. Les participants auront l&rsquo;opportunit\u00e9 d&rsquo;\u00eatre coach\u00e9s par des experts de la science des exoplan\u00e8tes et des scientifiques de la mission spatiale Ariel. Des outils adapt\u00e9s, du mat\u00e9riel p\u00e9dagogique, et un guide pas-\u00e0-pas assurera que tout le monde puisse participer et apprendre sur les transits exoplan\u00e9taires \u00e0 leur rythme.<br>Une fois l&rsquo;observation faite, les participants recevront un certificat attestant leur contribution \u00e0 la recherche des exoplan\u00e8tes et deviendront co-auteurs des publications du projet Exoclock.<\/p>\n\n\n\n<p>L&rsquo;\u00e9quipe d&rsquo;Exoclock accueille tous les int\u00e9ress\u00e9s \u00e0 cette initiative interactive. Une opportunit\u00e9 unique de d\u00e9couvrir la fascinante science des exoplan\u00e8tes!<\/p>\n\n\n\n<p>Inscription ouverte jusqu&rsquo;au 15 D\u00e9cembre 2024. Le lien pour s&rsquo;inscrire est le suivant :<br><a href=\"https:\/\/www.exoclock.space\/exoclock_unlocked\" target=\"_blank\" rel=\"noreferrer noopener\">https:\/\/www.exoclock.space\/exoclock_unlocked<\/a><\/p>\n\n\n\n<p>Transmis par Pierre Drossart<\/p>\n\n\n\n<h3 class=\"wp-block-heading\">9. Association Les P&rsquo;tits cueilleurs d&rsquo;\u00e9toiles<\/h3>\n\n\n\n<p>L\u2019association Les P\u2019tits cueilleurs d\u2019\u00e9toiles a \u00e9t\u00e9 fond\u00e9e en 2016 par Sylvain Bouley, Luc Labenne, Antoine S\u00e9journ\u00e9, Brigitte Zanda et quelques autres chercheurs-ses et enseignants-chercheurs-es en Sciences de L\u2019Univers, \u00e0 Paris. Le but ? Aller parler des \u00e9toiles et des plan\u00e8tes aux enfants hospitalis\u00e9s. Au gr\u00e9 des ann\u00e9es, de nouvelles antennes r\u00e9gionales ont vu le jour et regroupent aujourd\u2019hui des acteurs de la recherche, des professionnels de l\u2019astronomie et de la m\u00e9diation scientifique.<\/p>\n\n\n\n<p>De Necker \u00e0 Trousseau \u00e0 Paris, des CHU-CHR de Nantes, Nancy, Dijon, Orl\u00e9ans ou Lille, nos \u00e9quipes se d\u00e9placent en combinaisons d\u2019astronautes pour animer diff\u00e9rentes activit\u00e9s. Depuis leur chambre, les enfants peuvent toucher des m\u00e9t\u00e9orites, faire une promenade sur Mars (gr\u00e2ce \u00e0 la r\u00e9alit\u00e9 virtuelle), d\u00e9couvrir le Syst\u00e8me solaire \u00e0 l\u2019aide de livres, de coloriages, de jeux, \u00e9couter les r\u00e9cits des b\u00e9n\u00e9voles de l\u2019association et parfois m\u00eame b\u00e9n\u00e9ficier de soir\u00e9es d\u2019observations, au sein de l\u2019h\u00f4pital. De nouvelles antennes sont \u00e9galement en train d\u2019\u00e9merger : Strasbourg, Toulouse, Cannes\u2026et m\u00eame Kourou. Il y a forc\u00e9ment une antenne des P\u2019tits cueilleurs d\u2019\u00e9toiles proche de chez vous !<\/p>\n\n\n\n<p>Aujourd\u2019hui, l\u2019association fait passer ce message pour se pr\u00e9senter \u00e0 vous, pour solliciter votre soutien et votre engagement. Nous avons besoin de P\u2019tits cueilleurs d\u2019\u00e9toiles pour que nos antennes parisiennes et r\u00e9gionales se p\u00e9rennisent, se renouvellent et se r\u00e9inventent. Depuis l\u2019\u00e9t\u00e9 dernier, un nouveau bureau est en place (Boris Laurent, Laura Selliez, Laurette Piani et Antoine S\u00e9journ\u00e9). De nombreuses missions sont en cours, parmi lesquelles la mise en commun d\u2019exp\u00e9riences et de mat\u00e9riels pour les animations et la refonte du site internet. En attendant une version 2.0 pour le courant 2025, vous y trouverez d\u00e9j\u00e0 des informations pour d\u00e9couvrir un peu plus notre action : <a href=\"http:\/\/lesptitscueilleursdetoiles.fr\/\" target=\"_blank\" rel=\"noreferrer noopener\">http:\/\/lesptitscueilleursdetoiles.fr\/<\/a>. De m\u00eame, notre pr\u00e9sence sur les r\u00e9seaux va prochainement s\u2019intensifier, mais vous pouvez d\u00e8s maintenant nous suivre sur Facebook : <a href=\"https:\/\/www.facebook.com\/LesPtitsCueilleursdEtoiles\" target=\"_blank\" rel=\"noreferrer noopener\">https:\/\/www.facebook.com\/LesPtitsCueilleursdEtoiles<\/a><\/p>\n\n\n\n<p>Restez connect\u00e9-es avec nous, partagez nos actions et surtout rejoignez-nous. Nous serons plus que ravis-es de vous embarquer dans notre aventure !<\/p>\n\n\n\n<p>Transmis par Laura Selliez<\/p>\n\n\n\n<h3 class=\"wp-block-heading\">10. Olympiades internationales de physique<\/h3>\n\n\n\n<p>La France accueille en juillet 2025 la tr\u00e8s grande manifestation internationale des Olympiades<br>Internationales de Physique (IPhOs2025) qui verra concourir durant une semaine des s\u00e9lections<br>nationales de jeunes physiciennes et physiciens de haut niveau et venant de plus de 90 pays.<br>Tous les d\u00e9tails se trouvent sur le site www.ipho2025.fr<\/p>\n\n\n\n<p>L&rsquo;astronomie est associ\u00e9e \u00e0 l&rsquo;\u00e9v\u00e8nement, via l&rsquo;Observatoire de Paris qui a accept\u00e9 de faire<br>visiter \u00e0 des groupes de candidats une partie de ses installations. D&rsquo;autres actions avec des<br>acteurs de la communaut\u00e9 A&amp;A sont envisageables.<\/p>\n\n\n\n<p>Le budget de la manifestation n&rsquo;est pas encore compl\u00e8tement boucl\u00e9 et la Soci\u00e9t\u00e9 Fran\u00e7aise de Physique, qui organise l&rsquo;\u00e9v\u00e9nement, lance un appel \u00e0 un financement participatif qui contribuera \u00e0 l&rsquo;accueil de 400 jeunes et de leurs accompagnants :<br><a href=\"https:\/\/www.ipho2025.fr\/campagne-de-financement---ipho-2025-france\" target=\"_blank\" rel=\"noreferrer noopener\">https:\/\/www.ipho2025.fr\/campagne-de-financement&#8212;ipho-2025-france<\/a><\/p>\n\n\n\n<p>Le don b\u00e9n\u00e9ficie de la d\u00e9duction fiscale de 66% sur l&rsquo;imp\u00f4t sur le revenu.<\/p>\n\n\n\n<p>transmis par Daniel Rouan<\/p>\n\n\n\n<hr class=\"wp-block-separator has-alpha-channel-opacity\"\/>\n\n\n\n<p>Pour faire passer vos messages, envoyez un mail au secr\u00e9tariat SF2A (<a href=\"mailto:secretariat@sf2a.eu\">secretariat@sf2a.eu<\/a>) avant le vendredi 18h pour une diffusion le lundi apr\u00e8s-midi suivant.<\/p>\n","protected":false},"excerpt":{"rendered":"<h4>Message SF2A No 1115 &#8211; 02\/12\/24<\/h4>\n<p>\n1. Rappel: Appel \u00e0 propositions d\u2019ateliers aux Journ\u00e9es SF2A 2025<br \/>\n2. Rappel : Appel d\u2019offre \u00ab Actions de diffusion de la culture scientifique \u00bb<br \/>\n3. Appel d\u2019Offre Subvention Congr\u00e8s<br \/>\n4. Avis de vacance direction LIRA, LTE, LUX, UNIDIA<br \/>\n5. Avis de vacance direction LAB<br \/>\n6. Ouverture de 2 postes compl\u00e9mentaires dans l&rsquo;\u00e9quipe scientifique LISA<br \/>\n7. Postdocs and Other Non-Permanent Researchers: Please, Fill out the Space Physics Postdoc Survey<br \/>\n8. Action pro-am ExoClock Unlocked<br \/>\n9. Association Les P&rsquo;tits cueilleurs d&rsquo;\u00e9toiles<br \/>\n10. Olympiades internationales de physique<\/p>\n","protected":false},"author":1,"featured_media":0,"comment_status":"closed","ping_status":"open","sticky":false,"template":"","format":"standard","meta":{"saved_in_kubio":false,"footnotes":""},"categories":[1],"tags":[],"class_list":["post-2030","post","type-post","status-publish","format-standard","hentry","category-uncategorized"],"_links":{"self":[{"href":"https:\/\/sf2a.eu\/website2023\/wp-json\/wp\/v2\/posts\/2030","targetHints":{"allow":["GET"]}}],"collection":[{"href":"https:\/\/sf2a.eu\/website2023\/wp-json\/wp\/v2\/posts"}],"about":[{"href":"https:\/\/sf2a.eu\/website2023\/wp-json\/wp\/v2\/types\/post"}],"author":[{"embeddable":true,"href":"https:\/\/sf2a.eu\/website2023\/wp-json\/wp\/v2\/users\/1"}],"replies":[{"embeddable":true,"href":"https:\/\/sf2a.eu\/website2023\/wp-json\/wp\/v2\/comments?post=2030"}],"version-history":[{"count":1,"href":"https:\/\/sf2a.eu\/website2023\/wp-json\/wp\/v2\/posts\/2030\/revisions"}],"predecessor-version":[{"id":2036,"href":"https:\/\/sf2a.eu\/website2023\/wp-json\/wp\/v2\/posts\/2030\/revisions\/2036"}],"wp:attachment":[{"href":"https:\/\/sf2a.eu\/website2023\/wp-json\/wp\/v2\/media?parent=2030"}],"wp:term":[{"taxonomy":"category","embeddable":true,"href":"https:\/\/sf2a.eu\/website2023\/wp-json\/wp\/v2\/categories?post=2030"},{"taxonomy":"post_tag","embeddable":true,"href":"https:\/\/sf2a.eu\/website2023\/wp-json\/wp\/v2\/tags?post=2030"}],"curies":[{"name":"wp","href":"https:\/\/api.w.org\/{rel}","templated":true}]}}