{"id":2064,"date":"2024-12-24T18:38:24","date_gmt":"2024-12-24T16:38:24","guid":{"rendered":"https:\/\/sf2a.eu\/website2023\/?p=2064"},"modified":"2024-12-24T18:38:24","modified_gmt":"2024-12-24T16:38:24","slug":"message-sf2a-no-1118","status":"publish","type":"post","link":"https:\/\/sf2a.eu\/website2023\/message-sf2a-no-1118\/","title":{"rendered":"Message SF2A No 1118"},"content":{"rendered":"\n<h2 class=\"wp-block-heading\">Message SF2A No 1118 &#8211; 23\/12\/24<\/h2>\n\n\n\n<ol class=\"wp-block-list\">\n<li>Rappel : Appel \u00e0 candidatures pour le prix de th\u00e8se SF2A et le prix jeune chercheuse\/jeune chercheur 2025<\/li>\n\n\n\n<li>Appel \u00e0 candidature pour le poste de Directeur\/Directrice du Centre de Donn\u00e9es de Physique des Plasmas (CDPP)<\/li>\n\n\n\n<li>Appel \u00e0 candidature: Prix de de l&rsquo;acad\u00e9mie des Sciences<\/li>\n\n\n\n<li>Atelier EXO-ELT2, 24-26 mars, 2025, Fr\u00e9jus, France<\/li>\n\n\n\n<li>EGU 2025, Session ST2.8 \u201cPlasma energization and energy transport: the need for multi-scale observations in Geospace\u201d, 27 April &#8211; 2 May, 2025, Vienna, Austria<\/li>\n\n\n\n<li>JIVE VLBI School, 18-19 September, 2025, Dwingeloo, Netherlands<\/li>\n\n\n\n<li>D\u00e9c\u00e8s de Jacqueline Bergeron<\/li>\n\n\n\n<li>Annonce de parution Cahiers Clairaut 188<\/li>\n<\/ol>\n\n\n\n<h3 class=\"wp-block-heading\">1. Rappel : Appel \u00e0 candidatures pour le prix de th\u00e8se SF2A et le prix jeune chercheuse\/jeune chercheur 2025<\/h3>\n\n\n\n<p>Vous pouvez encore d\u00e9poser votre candidature pour le prix de th\u00e8se SF2A ainsi que pour le prix jeune chercheur\/jeune chercheuse 2025.La soumission de la candidature s\u2019effectue en remplissant le formulaire en ligne : <a href=\"https:\/\/sf2a.eu\/limesurvey\/index.php\/474551?lang=fr\" target=\"_blank\" rel=\"noreferrer noopener\">https:\/\/sf2a.eu\/limesurvey\/index.php\/474551?lang=fr<\/a><\/p>\n\n\n\n<p>La remise des prix aura lieu pendant la \u00ab Semaine de l\u2019Astrophysique Fran\u00e7aise 2025 \u00bb qui se tiendra du 1 au 5 juillet 2025 \u00e0 Toulouse.<br>La date limite de d\u00e9p\u00f4t des dossiers est fix\u00e9e au 12 janvier 2025 23h59 pour les deux prix.<\/p>\n\n\n\n<p>Toutes les modalit\u00e9s pour candidater \u00e0 ces prix sont disponibles sur le site de SF2A ( <a href=\"https:\/\/sf2a.eu\/website2023\/prix_et_concours\/\" target=\"_blank\" rel=\"noreferrer noopener\">https:\/\/sf2a.eu\/website2023\/prix_et_concours\/<\/a>).<\/p>\n\n\n\n<p>Le Conseil de la SF2A<\/p>\n\n\n\n<h3 class=\"wp-block-heading\">2. Appel \u00e0 candidature pour le poste de Directeur\/Directrice du Centre de Donn\u00e9es de Physique des Plasmas (CDPP)<\/h3>\n\n\n\n<p>Le poste de Directeur\/Directrice Scientifique du Service National d&rsquo;Observation du CDPP sera ouvert en septembre 2025 et pour une dur\u00e9e de cinq ans.<\/p>\n\n\n\n<p>Toutes les informations pour candidater sont accessibles sur la page de l&rsquo;INSU :<br><a href=\"https:\/\/www.insu.cnrs.fr\/fr\/appel-candidature-pour-le-poste-de-directeurdirectrice-du-centre-de-donnees-de-physique-des-plasmas\" target=\"_blank\" rel=\"noreferrer noopener\">https:\/\/www.insu.cnrs.fr\/fr\/appel-candidature-pour-le-poste-de-directeurdirectrice-du-centre-de-donnees-de-physique-des-plasmas<\/a><br>ou en anglais :<br><a href=\"https:\/\/www.insu.cnrs.fr\/en\/call-application-function-director-centre-de-donnees-de-physique-des-plasmas-cdpp\" target=\"_blank\" rel=\"noreferrer noopener\">https:\/\/www.insu.cnrs.fr\/en\/call-application-function-director-centre-de-donnees-de-physique-des-plasmas-cdpp<\/a><\/p>\n\n\n\n<p><strong>Date limite de candidature : 2<\/strong>8 f\u00e9vrier 2025<\/p>\n\n\n\n<p>Transmis par Aur\u00e9lie Marchaudon<\/p>\n\n\n\n<h3 class=\"wp-block-heading\">3. Appel \u00e0 candidature: Prix de de l&rsquo;acad\u00e9mie des Sciences<\/h3>\n\n\n\n<p><strong>Le Prix Pierre et Cyril GRIVET d\u2019un montant de 50 000\u20ac euros.<\/strong><\/p>\n\n\n\n<p>Ce prix correspondant \u00e0 une bourse post-doctorale biennale, destin\u00e9e \u00e0 un chercheur de moins de 35 ans, en vue de promouvoir des travaux scientifiques ou techniques concernant tout aspect de l\u2019interaction entre v\u00e9g\u00e9taux et atmosph\u00e8re, sur terre ou sur d\u2019autres plan\u00e8tes et dans tous les autres domaines connexes \u00e0 ceux cit\u00e9s ci-dessus.<br>La condition d\u2019\u00e2ge s\u2019applique aux candidates et candidats dont l\u2019ann\u00e9e de naissance est 1990 (hors d\u00e9rogation) ou post\u00e9rieure.<\/p>\n\n\n\n<p>L\u2019appel \u00e0 candidature est consultable sur le site Internet de l&rsquo;Acad\u00e9mie des sciences \u00e0 l\u2019adresse suivante : <a href=\"https:\/\/www.academie-sciences.fr\/prix-pierre-et-cyril-grivet\" target=\"_blank\" rel=\"noreferrer noopener\">https:\/\/www.academie-sciences.fr\/prix-pierre-et-cyril-grivet<\/a><\/p>\n\n\n\n<p><strong>Le Prix Lazare Carnot d\u2019un montant de 30 500 euros.<\/strong><\/p>\n\n\n\n<p>Prix biennal cr\u00e9\u00e9 par le ministre de la D\u00e9fense et destin\u00e9 \u00e0 r\u00e9compenser des travaux de recherche fondamentale ayant des perspectives d\u2019applications \u00e0 la fois civiles et militaires. Il est attribu\u00e9 en 2025 dans le domaine des applications.<\/p>\n\n\n\n<p>L\u2019appel \u00e0 candidature est consultable sur le site Internet de l&rsquo;Acad\u00e9mie des sciences \u00e0 l\u2019adresse suivante : <a href=\"https:\/\/www.academie-sciences.fr\/prix-lazare-carnot\" target=\"_blank\" rel=\"noreferrer noopener\">https:\/\/www.academie-sciences.fr\/prix-lazare-carnot<\/a><\/p>\n\n\n\n<p><strong>Le Prix Cl\u00e9ment Codron d\u2019un montant de 20 000\u20ac.<\/strong><\/p>\n\n\n\n<p>Prix annuel r\u00e9compensant toute chercheuse ou tout chercheur fran\u00e7ais ou francophone, ou si les recherches le justifient, toute chercheuse ou tout chercheur, de quelque nationalit\u00e9 qu\u2019il soit, ayant effectu\u00e9 un travail remarquable dans le domaine des sciences appliqu\u00e9es \u00e0 la technologie.<\/p>\n\n\n\n<p>L\u2019appel \u00e0 candidature et le formulaire de candidature sont consultables sur le site Internet de l&rsquo;Acad\u00e9mie des sciences \u00e0 l\u2019adresse suivante : <a href=\"https:\/\/www.academie-sciences.fr\/prix-clement-codron\" target=\"_blank\" rel=\"noreferrer noopener\">https:\/\/www.academie-sciences.fr\/prix-clement-codron<\/a><\/p>\n\n\n\n<p><strong>Le Prix Michel Gouilloud Schlumberger d\u2019un montant de 20 000\u20ac.<\/strong><\/p>\n\n\n\n<p>Prix fond\u00e9 par la soci\u00e9t\u00e9 Schlumberger pour perp\u00e9tuer la m\u00e9moire et l\u2019\u0153uvre de Michel Gouilloud. Ce prix annuel est destin\u00e9 \u00e0 r\u00e9compenser une chercheuse ou une ing\u00e9nieure ou un chercheur ou un ing\u00e9nieur de moins de 45 ans au 1\u00b0 janvier de l\u2019ann\u00e9e d\u2019attribution pour une d\u00e9couverte significative effectu\u00e9e avant l\u2019\u00e2ge de 35 ans dans le domaine des sciences de l\u2019univers (g\u00e9ologie ou g\u00e9ophysique). La laur\u00e9ate ou le laur\u00e9at devra s\u2019\u00eatre fait particuli\u00e8rement remarquer par l\u2019originalit\u00e9 des id\u00e9es de base et le caract\u00e8re appliqu\u00e9 de ses travaux en relation avec la recherche, l\u2019exploitation et l\u2019emploi des ressources fossiles. Ceux-ci devront \u00e9galement \u00eatre appr\u00e9ci\u00e9s en fonction du souci de valorisation des r\u00e9sultats obtenus dans le secteur de l\u2019exploitation p\u00e9troli\u00e8re.<br>Voyage d\u2019\u00e9tudes : en compl\u00e9ment un voyage d\u2019\u00e9tudes (d\u2019une dur\u00e9e d\u2019une semaine) sera offert \u00e0 la laur\u00e9ate ou au laur\u00e9at qui sera invit\u00e9 \u00e0 visiter l\u2019un des centres de recherches ou de d\u00e9veloppement Schlumberger et \u00e0 rencontrer \u00e0 cette occasion sa communaut\u00e9 scientifique. Le choix du centre sera effectu\u00e9 en fonction de la nature des travaux r\u00e9compens\u00e9s et des domaines d\u2019int\u00e9r\u00eats du laur\u00e9at ou de la laur\u00e9ate.<br>La condition d\u2019\u00e2ge s\u2019applique aux candidates et candidats dont l\u2019ann\u00e9e de naissance est 1980 ou post\u00e9rieure.<\/p>\n\n\n\n<p>L\u2019appel \u00e0 candidature et le formulaire de candidature sont consultables sur le site Internet de l&rsquo;Acad\u00e9mie des sciences \u00e0 l\u2019adresse suivante : <a href=\"https:\/\/www.academie-sciences.fr\/prix-michel-gouilloud-schlumberger\" target=\"_blank\" rel=\"noreferrer noopener\">https:\/\/www.academie-sciences.fr\/prix-michel-gouilloud-schlumberger<\/a><\/p>\n\n\n\n<p><strong>Le Prix de Mme Victor Noury (n\u00e9e Catherine Victoire Langlois) d\u2019un montant de 10 000\u20ac<\/strong><\/p>\n\n\n\n<p>Prix annuel d\u00e9cern\u00e9 sur proposition de l\u2019Acad\u00e9mie des sciences, pour encourager le d\u00e9veloppement de la science dans ses manifestations les plus diverses. Seules pourront en b\u00e9n\u00e9ficier les personnes de nationalit\u00e9 fran\u00e7aise \u00e2g\u00e9es de 45 ans au plus. Il sera attribu\u00e9 alternativement dans le ressort de la division des sciences chimiques, biologiques, m\u00e9dicales et leurs applications (il en est ainsi en 2025) et dans le ressort de la division math\u00e9matiques et physiques, sciences de l\u2019univers et leurs applications (il en sera ainsi en 2026).<br>La condition d\u2019\u00e2ge s\u2019applique aux candidates et candidats dont l\u2019ann\u00e9e de naissance est 1980 ou post\u00e9rieure.<\/p>\n\n\n\n<p>L\u2019appel \u00e0 candidature et le formulaire de candidature sont consultables sur le site Internet de l&rsquo;Acad\u00e9mie des sciences \u00e0 l\u2019adresse suivante : <a href=\"https:\/\/www.academie-sciences.fr\/prix-de-mme-victor-noury-nee-catherine-victoire-langlois\" target=\"_blank\" rel=\"noreferrer noopener\">https:\/\/www.academie-sciences.fr\/prix-de-mme-victor-noury-nee-catherine-victoire-langlois<\/a><\/p>\n\n\n\n<p><strong>Le Prix Amp\u00e8re de l\u2019Electricit\u00e9 de France d\u2019un montant de 50.000 euros.<\/strong><\/p>\n\n\n\n<p>Prix annuel fond\u00e9 par \u00c9lectricit\u00e9 de France en l\u2019honneur du grand savant dont le 200e anniversaire de la naissance a \u00e9t\u00e9 c\u00e9l\u00e9br\u00e9 en 1975 et destin\u00e9 \u00e0 r\u00e9compenser une, un ou plusieurs scientifiques travaillant dans un laboratoire fran\u00e7ais pour un travail de recherche remarquable dans le domaine des sciences math\u00e9matiques ou physiques, fondamentales ou appliqu\u00e9es.<\/p>\n\n\n\n<p>L\u2019appel \u00e0 candidature est consultable sur le site Internet de l&rsquo;Acad\u00e9mie des sciences \u00e0 l\u2019adresse suivante : <a href=\"https:\/\/www.academie-sciences.fr\/prix-ampere-de-lelectricite-de-france\" target=\"_blank\" rel=\"noreferrer noopener\">https:\/\/www.academie-sciences.fr\/prix-ampere-de-lelectricite-de-france<\/a><\/p>\n\n\n\n<p><strong>Le Prix Madame Mergier-Bourdeix \u2013 Fondation de l\u2019Acad\u00e9mie de France d\u2019un montant de 20.000 euros.<\/strong><\/p>\n\n\n\n<p>Prix annuel d\u00e9cern\u00e9 dans le ressort de la division des sciences math\u00e9matiques et physiques, sciences de l\u2019univers et leurs applications \u00e0 une jeune chercheuse ou un jeune chercheur fran\u00e7ais, se consacrant \u00e0 des recherches fondamentales n\u2019ayant aucun but lucratif, ne visant pas d\u2019application imm\u00e9diate et dont les r\u00e9sultats r\u00e9v\u00e8lent des dons exceptionnels. Le prix ne peut \u00eatre qu\u2019exceptionnellement divis\u00e9.<\/p>\n\n\n\n<p>L\u2019appel \u00e0 candidature et le formulaire de candidature sont consultables sur le site Internet de l&rsquo;Acad\u00e9mie des sciences \u00e0 l\u2019adresse suivante : <a href=\"https:\/\/www.academie-sciences.fr\/prix-madame-mergier-bourdeix-fondation-de-lacademie-des-sciences\" target=\"_blank\" rel=\"noreferrer noopener\">https:\/\/www.academie-sciences.fr\/prix-madame-mergier-bourdeix-fondation-de-lacademie-des-sciences<\/a><\/p>\n\n\n\n<p><strong>Prix C\u00e9cile DeWitt-Morette\/\u00c9cole de physique des Houches\/CFM Fondation pour la recherche d\u2019un montant de 15.000\u20ac.<\/strong><\/p>\n\n\n\n<p>Prix destin\u00e9 \u00e0 r\u00e9compenser une ou un scientifique de n\u2019importe quelle nationalit\u00e9 et de moins de 55 ans ayant effectu\u00e9 des travaux remarquables dans le domaine de la physique. Le prix couvrira toutes les composantes de la physique allant de la physique fondamentale jusqu\u2019\u00e0 ses applications. La candidate ou le candidat devra avoir particip\u00e9 aux travaux de l\u2019\u00c9cole de physique des Houches, soit comme enseignant, \u00e9l\u00e8ve ou organisateur.<br>La condition d\u2019\u00e2ge s\u2019applique aux candidates et candidats dont l\u2019ann\u00e9e de naissance est 1970 ou post\u00e9rieure.<\/p>\n\n\n\n<p>L\u2019appel \u00e0 candidature et le formulaire de candidature sont consultables sur le site Internet de l&rsquo;Acad\u00e9mie des sciences \u00e0 l\u2019adresse suivante : <a href=\"https:\/\/www.academie-sciences.fr\/prix-cecile-dewitt-moretteecole-de-physique-des-houchescfm-fondation-pour-la-recherche\" target=\"_blank\" rel=\"noreferrer noopener\">https:\/\/www.academie-sciences.fr\/prix-cecile-dewitt-moretteecole-de-physique-des-houchescfm-fondation-pour-la-recherche<\/a><\/p>\n\n\n\n<p>La date de cl\u00f4ture de ces appels \u00e0 candidatures est fix\u00e9e au <strong>mardi 11 f\u00e9vrier 2025<\/strong><\/p>\n\n\n\n<p><strong>Appel \u00e0 candidature pour les subventions scientifiques 2025 de la Fondation Simone et Cino Del Duca<\/strong><\/p>\n\n\n\n<p>La Fondation Simone et Cino Del Duca de l\u2019Institut de France d\u00e9cerne chaque ann\u00e9e, alternativement au titre des disciplines relevant des deux divisions de l\u2019Acad\u00e9mie des sciences sur proposition d\u2019un jury constitu\u00e9 de membres de l\u2019Acad\u00e9mie des sciences, trois subventions distinctes destin\u00e9es \u00e0 de jeunes \u00e9quipes fran\u00e7aises, le(la) chef(fe) d\u2019\u00e9quipe devant \u00eatre \u00e2g\u00e9(e) de moins de 45 ans (au 1er janvier de l\u2019ann\u00e9e d\u2019attribution du prix &#8211; pour les candidates et les candidats ayant des enfants, la limite d\u2019\u00e2ge est allong\u00e9e d\u2019un an par enfant), conduisant des projets de recherche.<\/p>\n\n\n\n<p>Pour l\u2019ann\u00e9e 2025, les disciplines concern\u00e9es sont les suivantes :<br>Math\u00e9matiques ; Sciences m\u00e9caniques et informatiques ; Sciences de l\u2019univers et leurs applications<\/p>\n\n\n\n<p>Si vous souhaitez nous faire des propositions pour ces subventions, les dossiers de candidature doivent \u00eatre d\u00e9pos\u00e9s en ligne au plus tard le <strong>mardi 18 f\u00e9vrier 2025<\/strong> sur le site Internet de l&rsquo;Acad\u00e9mie des sciences, en cliquant sur le lien suivant : <a href=\"http:\/\/prix.academie-sciences.fr\" target=\"_blank\" rel=\"noreferrer noopener\">http:\/\/prix.academie-sciences.fr<\/a><\/p>\n\n\n\n<p><strong>Appel \u00e0 candidature pour le Grand prix 2025 de la Fondation Simone et Cino Del Duca<\/strong><\/p>\n\n\n\n<p>La Fondation Simone et Cino Del Duca de l\u2019Institut de France d\u00e9cerne chaque ann\u00e9e alternativement au titre des disciplines relevant des deux divisions de l\u2019Acad\u00e9mie des sciences sur proposition du jury constitu\u00e9 de membres de l\u2019Acad\u00e9mie des sciences, un Grand Prix scientifique. Celui-ci r\u00e9compense un(e) chercheur(se) fran\u00e7ais(e) ou europ\u00e9en(ne) et son \u00e9quipe, fran\u00e7aise ou europ\u00e9enne pr\u00e9sentant un projet de recherche ambitieux sur un th\u00e8me prometteur, qui est \u00ab Mati\u00e8re hors d\u2019\u00e9quilibre \u00bb.<\/p>\n\n\n\n<p>La mati\u00e8re peut \u00eatre hors d&rsquo;\u00e9quilibre, soit dans un \u00e9tat stable non \u00e9quilibr\u00e9 lorsqu&rsquo;elle re\u00e7oit une \u00e9nergie ext\u00e9rieure qu&rsquo;elle dissipe, soit lorsqu&rsquo;elle relaxe lentement vers un \u00e9tat stable. Dans ces situations, les r\u00e9sultats standard de la thermodynamique et de la m\u00e9canique statistique classique et quantique \u00e0 l&rsquo;\u00e9quilibre sont a priori invalides. N\u00e9anmoins, les exp\u00e9riences r\u00e9v\u00e8lent plusieurs caract\u00e9ristiques g\u00e9n\u00e9riques des syst\u00e8mes hors d&rsquo;\u00e9quilibre, telles que l&rsquo;organisation spontan\u00e9e et l&rsquo;auto-assemblage, des mod\u00e8les statistiques robustes, des transitions de phase dissipatives, un comportement non ergodique et le vieillissement. Ces effets, souvent spectaculaires et contre-intuitifs, ont n\u00e9cessit\u00e9 des descriptions th\u00e9oriques plus pouss\u00e9es et d\u00e9bouchent sur des applications int\u00e9ressantes.<\/p>\n\n\n\n<p>Le domaine de la mati\u00e8re hors \u00e9quilibre couvre un large \u00e9ventail de syst\u00e8mes, notamment la mati\u00e8re \u00ab active \u00bb et biologique, le comportement collectif des animaux, les syst\u00e8mes quantiques \u00e0 plusieurs corps soumis \u00e0 des champs externes, les syst\u00e8mes fortement entra\u00een\u00e9s et turbulents, ainsi que les mat\u00e9riaux granulaires ou vitreux.<\/p>\n\n\n\n<p>Nous vous remercions si possible, de bien vouloir diffuser cet appel d&rsquo;offre. Vous pouvez consulter l\u2019appel \u00e0 candidature en fran\u00e7ais pour ce prix, gr\u00e2ce au lien suivant : <a href=\"https:\/\/www.academie-sciences.fr\/grand-prix-scientifique-de-la-fondation-simone-et-cino-del-duca-2025\" target=\"_blank\" rel=\"noreferrer noopener\">https:\/\/www.academie-sciences.fr\/grand-prix-scientifique-de-la-fondation-simone-et-cino-del-duca-2025<\/a><\/p>\n\n\n\n<p>Si vous souhaitez nous faire des propositions pour ce prix, les dossiers de candidature doivent \u00eatre d\u00e9pos\u00e9s en ligne au plus tard le <strong>mardi 18 f\u00e9vrier 2025<\/strong> avant minuit sur le site Internet de l&rsquo;Acad\u00e9mie des sciences, \u00e0 l\u2019adresse suivante : <a href=\"http:\/\/prix.academie-sciences.fr\" target=\"_blank\" rel=\"noreferrer noopener\">http:\/\/prix.academie-sciences.fr<\/a><\/p>\n\n\n\n<p>Le service des prix de l\u2019Acad\u00e9mie des sciences<\/p>\n\n\n\n<h3 class=\"wp-block-heading\">4. Atelier EXO-ELT2, 24-26 mars, 2025, Fr\u00e9jus, France<\/h3>\n\n\n\n<p>We wish to announce the upcoming Exo-ELT2 workshop, dedicated to the French community interested in studying planetary systems with the ELT.<br><strong>Where: <\/strong>Villa Clythia (Fr\u00e9jus, France)<br><strong>When: <\/strong>24-26 March 2025. The workshop will start on Monday after lunch and end on Wednesday after lunch.<\/p>\n\n\n\n<p>Our main objectives are:<br>&#8211; to inform the French community about the status, timeline, observing modes, and performance of the first and second generation of ELT instruments,<br>&#8211; to present and collectively revisit the science cases, samples, observation strategies, synergies with other instruments and interpretation tools for programs dedicated to the study of exoplanetary systems,<br>&#8211; to share our efforts, tools, and strategy for preparatory work on ELT programs dedicated to this topic, and investigate in particular the need for models (atmosphere, disk, stellar activity, \u2026)<br>The program will include sessions dedicated to contributed talks: abstract submission is open until January 31st.<br>Pre-registration is also open on the workshop website until January 31st: <a href=\"https:\/\/exo-elt2.sciencesconf.org\/?forward-action=index&amp;forward-controller=index&amp;lang=en\" target=\"_blank\" rel=\"noreferrer noopener\">https:\/\/exo-elt2.sciencesconf.org\/?forward-action=index&amp;forward-controller=index&amp;lang=en<\/a>. The number of participants will be limited to 50. For non-permanent participants, the registration is free, and it is also possible to request the travel expenses (train only) to be covered during your pre-registration.<\/p>\n\n\n\n<p><strong>Request for travel funding deadline (non\u2013permanent only):<\/strong> January 31st<br><strong>Registration:<\/strong> January 31st<br><strong>Abstract submission deadline:<\/strong> January 31st<br><strong>Payment of the fee deadline:<\/strong> February 15th<br><strong>Program announcement:<\/strong> March 10th<\/p>\n\n\n\n<p>Transmis par Lucie Leboulleux<\/p>\n\n\n\n<h3 class=\"wp-block-heading\">5. EGU 2025, Session ST2.8 \u201cPlasma energization and energy transport: the need for multi-scale observations in Geospace\u201d, 27 April &#8211; 2 May, 2025, Vienna, Austria<\/h3>\n\n\n\n<p>We would like to draw your attention to the EGU General Assembly Session ST2.8 \u201cPlasma energization and energy transport: the need for multi-scale observations in Geospace\u201d (see the detailed description of the session below).<\/p>\n\n\n\n<p>Please, submit your abstract before Wednesday, 15 January 2025, 13:00 CET.<\/p>\n\n\n\n<p>EGU General Assembly, 27 April\u20132 May 2025, Vienna, Austria &amp; Online<\/p>\n\n\n\n<p>Session ST2.8 \u201cPlasma energization and energy transport: the need for multi-scale observations in Geospace\u201d (Co-organized by NP3\/PS4)<\/p>\n\n\n\n<p>Convener: Matthew Taylor<br>Co-conveners: Giulia Cozzani, Markku Alho, Maria Federica Marcucci, Oreste Pezzi<\/p>\n\n\n\n<p>To submit an abstract to this session:<br><a href=\"https:\/\/meetingorganizer.copernicus.org\/EGU25\/session\/53616\" target=\"_blank\" rel=\"noreferrer noopener\">https:\/\/meetingorganizer.copernicus.org\/EGU25\/session\/53616<\/a><\/p>\n\n\n\n<p>Abstract submission instructions:<br><a href=\"https:\/\/www.egu25.eu\/programme\/how_to_submit.html\" target=\"_blank\" rel=\"noreferrer noopener\">https:\/\/www.egu25.eu\/programme\/how_to_submit.html<\/a><\/p>\n\n\n\n<p>Transmis par Giulia Cozzani<\/p>\n\n\n\n<h3 class=\"wp-block-heading\">6. JIVE VLBI School, 18-19 September, 2025, Dwingeloo, Netherlands<\/h3>\n\n\n\n<p>We are pleased to announce that the JIVE VLBI School (JVS 2025) will take place during the week of 15\u201319 September 2025.<\/p>\n\n\n\n<p>The school will be held simultaneously at the Joint Institute for VLBI ERIC (JIVE) in Dwingeloo, the Netherlands, and the University of Pretoria, South Africa. The University of Pretoria will serve as a satellite hub, with limited participation. The program will feature common lectures (both in-person and streamed from both venues) as well as parallel in-person tutorial sessions.<\/p>\n\n\n\n<p>JVS 2025 will provide training in data processing and imaging of very long baseline interferometry (VLBI) observations. The school will offer lectures ranging from the fundamentals of radio interferometry in general to VLBI in particular. Extensive hands-on sessions will focus on processing and analyzing VLBI data, with an emphasis on observations from the European VLBI Network (EVN). A limited number of seats will be available at both locations.<\/p>\n\n\n\n<p>Further details, including registration information and a complete agenda, will be provided in early 2025. In the meantime, please mark the dates of the school on your calendar!<\/p>\n\n\n\n<p>For more information, contact us at <a href=\"mailto:jvs@jive.eu\">jvs@jive.eu<\/a> and visit <a href=\"https:\/\/jive.eu\/jvs2025\" target=\"_blank\" rel=\"noreferrer noopener\">jive.eu\/jvs2025<\/a>.<\/p>\n\n\n\n<p>We look forward to welcoming you to the Netherlands or Pretoria in September 2025!<\/p>\n\n\n\n<p><a href=\"https:\/\/jive.eu\/news\/jive-vlbi-school-2025\">https:\/\/jive.eu\/news\/jive-vlbi-school-2025<\/a><\/p>\n\n\n\n<p>Transmis par Chiarra Ferrari<\/p>\n\n\n\n<h3 class=\"wp-block-heading\">7. D\u00e9c\u00e8s de Jacqueline Bergeron<\/h3>\n\n\n\n<p>C\u2019est avec beaucoup de tristesse que nous avons appris tr\u00e8s r\u00e9cemment le d\u00e9c\u00e8s de notre coll\u00e8gue Jacqueline Bergeron.<\/p>\n\n\n\n<p>Apr\u00e8s une th\u00e8se \u00e0 Paris avec Evry Schatzmann, Jacqueline a travaill\u00e9 avec Edwin Salpeter \u00e0 Cornell University (USA), puis \u00e0 Caltech et \u00e0 l\u2019ESO, avant de rejoindre l&rsquo;IAP en 1980. Astrophysicienne de grand renom et actrice \u00e9minente de la vie de l\u2019institut, elle a travaill\u00e9 en particulier sur la spectroscopie des quasars et galaxies \u00e0 noyau actif. On lui doit notamment la d\u00e9couverte des galaxies absorbantes sur la ligne de vis\u00e9e de quasars en 1985.<\/p>\n\n\n\n<p>Jacqueline Bergeron a contribu\u00e9 \u00e0 de multiples travaux sur les propri\u00e9t\u00e9s des milieux circumgalactiques et du milieu intergalactique, sur les relev\u00e9s de quasars \u00e0 grand redshift et sur les propri\u00e9t\u00e9s des quasars et de leurs galaxies h\u00f4tes. Tr\u00e8s fortement impliqu\u00e9e dans l&rsquo;utilisation des grands instruments de l&rsquo;astronomie pour observer l&rsquo;Univers lointain, elle a pris des responsabilit\u00e9s importantes dans plusieurs programmes cl\u00e9s de l&rsquo;ESO et du HST; elle a pass\u00e9 plusieurs ann\u00e9es au si\u00e8ge de l&rsquo;ESO \u00e0 Gen\u00e8ve et a \u00e9t\u00e9 directrice de la science \u00e0 l&rsquo;ESO-Munich dans les ann\u00e9es 1990, ainsi que secr\u00e9taire g\u00e9n\u00e9rale de l&rsquo;UAI de 1991 \u00e0 1994.<\/p>\n\n\n\n<p>En participant enfin \u00e0 de tr\u00e8s nombreux comit\u00e9s pour l&rsquo;attribution de temps d\u2019observation, de cr\u00e9dits, et pour l&rsquo;\u00e9valuation de laboratoires ou d\u2019instituts, elle a constamment rendu d\u2019immenses services \u00e0 la communaut\u00e9 astrophysique. L\u2019IAP lui consacrera tr\u00e8s prochainement sa \u00ab Une \u00bb pour rappeler sa carri\u00e8re et la science qu\u2019on lui doit.<\/p>\n\n\n\n<p>Transmis par Patrick Peter<\/p>\n\n\n\n<h3 class=\"wp-block-heading\">8. Annonce de parution Cahiers Clairaut 188<\/h3>\n\n\n\n<p>Le no 188 (d\u00e9cembre 2024) du trimestriel \u00ab\u00a0Les Cahiers Clairaut\u00a0\u00bb, la revue du Comit\u00e9 de liaison enseignants et astronomes (Clea), est paru.<\/p>\n\n\n\n<p>Le dossier de ce num\u00e9ro labellis\u00e9 \u00ab\u00a0Ann\u00e9e des g\u00e9osciences\u00a0\u00bb est consacr\u00e9 \u00e0 la mesure de la Terre et aux techniques de rep\u00e9rage et de navigation. En le lisant, vous saurez tout sur la \u00ab\u00a0figure de la Terre\u00a0\u00bb, la navigation aux \u00e9toiles et les syst\u00e8mes de navigation par satellites (GNSS).<\/p>\n\n\n\n<p>Le sommaire est \u00e0 d\u00e9couvrir l\u00e0 : <a href=\"http:\/\/clea-astro.eu\/vieclea\/productions-recentes\/cc\/cc188\/les-cahiers-clairaut-nb0-188-hiver-2024\" target=\"_blank\" rel=\"noreferrer noopener\">http:\/\/clea-astro.eu\/vieclea\/productions-recentes\/cc\/cc188\/les-cahiers-clairaut-nb0-188-hiver-2024<\/a><\/p>\n\n\n\n<p>N&rsquo;h\u00e9sitez pas \u00e0 nous soutenir en nous rejoignant et\/ou en abonnant votre institution. Et bien entendu, vous pouvez toujours nous proposer articles et activit\u00e9s p\u00e9dagogiques pour publication.<\/p>\n\n\n\n<p>Transmis par Fr\u00e9d\u00e9ric Pitout<\/p>\n\n\n\n<hr class=\"wp-block-separator has-alpha-channel-opacity\"\/>\n\n\n\n<p>Pour faire passer vos messages, envoyez un mail au secr\u00e9tariat SF2A (<a href=\"mailto:secretariat@sf2a.eu\">secretariat@sf2a.eu<\/a>) avant le vendredi 18h pour une diffusion le lundi apr\u00e8s-midi suivant.<\/p>\n","protected":false},"excerpt":{"rendered":"<h4>Message SF2A No 1118 &#8211; 23\/12\/24<\/h4>\n<p>\n1. Rappel : Appel \u00e0 candidatures pour le prix de th\u00e8se SF2A et le prix jeune chercheuse\/jeune chercheur 2025<br \/>\n2. Appel \u00e0 candidature pour le poste de Directeur\/Directrice du Centre de Donn\u00e9es de Physique des Plasmas (CDPP)<br \/>\n3. Appel \u00e0 candidature:  Prix de de l&rsquo;acad\u00e9mie des Sciences<br \/>\n4. Atelier EXO-ELT2, 24-26 mars, 2025, Fr\u00e9jus, France<br \/>\n5. EGU 2025, Session ST2.8 \u201cPlasma energization and energy transport: the need for multi-scale observations in Geospace\u201d, 27 April &#8211; 2 May, 2025, Vienna, Austria<br \/>\n6. JIVE VLBI School, 18-19 September, 2025, Dwingeloo, Netherlands<br \/>\n7. D\u00e9c\u00e8s de Jacqueline Bergeron<br \/>\n8. Annonce de parution Cahiers Clairaut 188<\/p>\n","protected":false},"author":1,"featured_media":0,"comment_status":"closed","ping_status":"open","sticky":false,"template":"","format":"standard","meta":{"saved_in_kubio":false,"footnotes":""},"categories":[1],"tags":[],"class_list":["post-2064","post","type-post","status-publish","format-standard","hentry","category-uncategorized"],"_links":{"self":[{"href":"https:\/\/sf2a.eu\/website2023\/wp-json\/wp\/v2\/posts\/2064","targetHints":{"allow":["GET"]}}],"collection":[{"href":"https:\/\/sf2a.eu\/website2023\/wp-json\/wp\/v2\/posts"}],"about":[{"href":"https:\/\/sf2a.eu\/website2023\/wp-json\/wp\/v2\/types\/post"}],"author":[{"embeddable":true,"href":"https:\/\/sf2a.eu\/website2023\/wp-json\/wp\/v2\/users\/1"}],"replies":[{"embeddable":true,"href":"https:\/\/sf2a.eu\/website2023\/wp-json\/wp\/v2\/comments?post=2064"}],"version-history":[{"count":1,"href":"https:\/\/sf2a.eu\/website2023\/wp-json\/wp\/v2\/posts\/2064\/revisions"}],"predecessor-version":[{"id":2065,"href":"https:\/\/sf2a.eu\/website2023\/wp-json\/wp\/v2\/posts\/2064\/revisions\/2065"}],"wp:attachment":[{"href":"https:\/\/sf2a.eu\/website2023\/wp-json\/wp\/v2\/media?parent=2064"}],"wp:term":[{"taxonomy":"category","embeddable":true,"href":"https:\/\/sf2a.eu\/website2023\/wp-json\/wp\/v2\/categories?post=2064"},{"taxonomy":"post_tag","embeddable":true,"href":"https:\/\/sf2a.eu\/website2023\/wp-json\/wp\/v2\/tags?post=2064"}],"curies":[{"name":"wp","href":"https:\/\/api.w.org\/{rel}","templated":true}]}}