{"id":2166,"date":"2025-03-02T11:23:15","date_gmt":"2025-03-02T09:23:15","guid":{"rendered":"https:\/\/sf2a.eu\/website2023\/?p=2166"},"modified":"2025-03-02T11:23:15","modified_gmt":"2025-03-02T09:23:15","slug":"message-sf2a-no-1127","status":"publish","type":"post","link":"https:\/\/sf2a.eu\/website2023\/message-sf2a-no-1127\/","title":{"rendered":"Message SF2A No 1127"},"content":{"rendered":"\n<h2 class=\"wp-block-heading\">Message SF2A No 1127 &#8211; 03\/03\/25<\/h2>\n\n\n\n<ol class=\"wp-block-list\">\n<li>Nouvelles de l&rsquo;Action Th\u00e9matique Cosmologie et Galaxies (ATCG)<\/li>\n\n\n\n<li>Le ESO User committee lance son sondage annuel<\/li>\n\n\n\n<li>Recrutement scientifique permanent (H\/F) sur les disques protoplan\u00e9taires \u00e0 l&rsquo;\u00e8re de JWST et de l&rsquo;ELT au CEA-AIM Paris-Saclay<\/li>\n\n\n\n<li>ESA Archival Research Visitor Programme<\/li>\n\n\n\n<li>Rencontre des utilisateurs du TCFH: 2e annonce, May 26-28, 2025, Quebec (Canada)<\/li>\n\n\n\n<li>European astronomy: science vision beyond 2040, June 23-27, 2025, Cork (Ireland)<\/li>\n\n\n\n<li>EAS2025 SS2: A space telescope to rule them all: results from Euclid&rsquo;s first 50 square degrees and challenges ahead, June 25, 2025, Cork (Ireland)<\/li>\n\n\n\n<li>EAS2025 SS28: The Outer Solar System in its Stellar Environment &#8211; in Large Surveys Area, June 26, Cork (Ireland)<\/li>\n\n\n\n<li>Atelier SF2A S21: synergies entre JWST et l\u2019ELT pour l\u2019\u00e9tude de la formation stellaire et des disques protoplan\u00e9taires, juillet 4, 2025, Toulouse (France)<\/li>\n\n\n\n<li>ESO Workshop: Planetary Formation and Exoplanets in the ELT era, November 17-21, 2025, ESO Garching (Germany) &#8211; reminder<\/li>\n\n\n\n<li>The Dusty Universe 2025: The Fifth Pan Dust Conference, November 10-14, 2025, Tucson AZ (USA)<\/li>\n\n\n\n<li>Marche pour les Sciences 2025, Mars 7, 2025<\/li>\n\n\n\n<li>Webinaire: \u00e9galit\u00e9 et coop\u00e9ration internationale, Mars 7, 2025<\/li>\n<\/ol>\n\n\n\n<h3 class=\"wp-block-heading\">1. Nouvelles de l&rsquo;Action Th\u00e9matique Cosmologie et Galaxies (ATCG)<\/h3>\n\n\n\n<p>Suite \u00e0 la r\u00e9forme introduite cette ann\u00e9e \u00e0 l&rsquo;INSU, l&rsquo;action th\u00e9matique Cosmologie et Galaxies (ATCG) du PN ASTRO \u00ab\u00a0remplace\u00a0\u00bb le PNCG, en conservant des structures et missions similaires,en particulier l&rsquo;\u00e9valuation des projets en r\u00e9ponse \u00e0 l&rsquo;appel d&rsquo;offres du PN ASTRO, l&rsquo;animation de notre communaut\u00e9 ou encore la participation aux exercices de prospective.<\/p>\n\n\n\n<p>Qui dit nouveau nom, dit nouveau logo, nouveau site web (<a href=\"https:\/\/atcg.lam.fr\" target=\"_blank\" rel=\"noreferrer noopener\">https:\/\/atcg.lam.fr<\/a>), nouvelle adresse de contact et, surtout, nouvelle newsletter !<\/p>\n\n\n\n<p>Afin de recevoir la newsletter de l&rsquo;ATCG, vous devez vous inscrire ici : <a href=\"https:\/\/listes.services.cnrs.fr\/wws\/info\/atcg.newsletter\" target=\"_blank\" rel=\"noreferrer noopener\">https:\/\/listes.services.cnrs.fr\/wws\/info\/atcg.newsletter<\/a><\/p>\n\n\n\n<p>Pour contacter les coordinateurs de l&rsquo;ATCG ou pour placer une annonce dans notre newsletter, envoyez un e-mail \u00e0 <a href=\"mailto:atcg@services.cnrs.fr\" target=\"_blank\" rel=\"noreferrer noopener\">atcg@services.cnrs.fr<\/a><\/p>\n\n\n\n<p>Vous aurez des nouvelles tr\u00e8s prochainement via la newsletter de l&rsquo;ATCG, et nous esp\u00e9rons vous rencontrer lors de la semaine de la SF2A \u00e0 Toulouse, pour laquelle vous pouvez soumettre une pr\u00e9sentation \u00e0 notre atelier S09 \u00ab\u00a0\u00c9tudier l\u2019\u00e9volution des galaxies et la cosmologie dans la perspective des futurs grands observatoires.\u00a0\u00bb : <a href=\"https:\/\/journees.sf2a.eu\/ateliers\/s09\/\" target=\"_blank\" rel=\"noreferrer noopener\">https:\/\/journees.sf2a.eu\/ateliers\/s09\/<\/a><\/p>\n\n\n\n<p>Transmis par Samuel Boissier<\/p>\n\n\n\n<h3 class=\"wp-block-heading\">2. Le ESO User committee lance son sondage annuel<\/h3>\n\n\n\n<p>The Users Committee (UC) represents ESO&rsquo;s astronomical community forming a direct link between the users and ESO.<\/p>\n\n\n\n<p>On an annual basis we ask users for feedback through our User Committee Poll. It is an anonymous survey, and the answers will be only seen by the UC members who will use them as input for discussions during the annual meeting of the UC and ESO scheduled in April.<\/p>\n\n\n\n<p>You are warmly invited to provide your feedback here:<br><a href=\"https:\/\/www.eso.org\/extra\/surveys\/index.php\/413314?lang=en\" target=\"_blank\" rel=\"noreferrer noopener\">https:\/\/www.eso.org\/extra\/surveys\/index.php\/413314?lang=en<\/a><br>The poll will close on March 14th, 2025.<\/p>\n\n\n\n<p>Should you wish to provide further information to the UC, you are welcome to contact your representative. The list of the current UC members is available here: <a href=\"https:\/\/www.eso.org\/public\/about-eso\/committees\/uc\/uc2025.html\" target=\"_blank\" rel=\"noreferrer noopener\">https:\/\/www.eso.org\/public\/about-eso\/committees\/uc\/uc2025.html<\/a><\/p>\n\n\n\n<p>During the UC meeting updates from ESO and feedback from the user community are exchanged and openly discussed. The meeting webpage <a href=\"https:\/\/www.eso.org\/public\/about-eso\/committees\/uc\/uc-48th.html\" target=\"_blank\" rel=\"noreferrer noopener\">https:\/\/www.eso.org\/public\/about-eso\/committees\/uc\/uc-48th.html<\/a>, includes a record of the last meeting with UC recommendations.<\/p>\n\n\n\n<p>Transmis par Philippe Salom\u00e9<\/p>\n\n\n\n<h3 class=\"wp-block-heading\">3. Recrutement scientifique permanent (H\/F) sur les disques protoplan\u00e9taires \u00e0 l&rsquo;\u00e8re de JWST et de l&rsquo;ELT au CEA-AIM Paris-Saclay<\/h3>\n\n\n\n<p>Un poste permanent est ouvert au CEA Paris-Saclay (D\u00e9partement<br>d&rsquo;Astrophysique &#8211; UMR AIM) en 2025 sur le th\u00e8me de la formation et de<br>l&rsquo;\u00e9volution des disques protoplan\u00e9taires \u00e0 l&rsquo;\u00e8re de JWST et de l&rsquo;ELT.<br>Date limite de candidature: 1er avril 2025.<\/p>\n\n\n\n<p>Annonce CEA: <a href=\"https:\/\/www.emploi.cea.fr\/offre-de-emploi\/emploi-chercheur-astrophysicien-specialise-en-observation-de-disques-protoplanetaires-h-f_35347.aspx\" target=\"_blank\" rel=\"noreferrer noopener\">https:\/\/www.emploi.cea.fr\/offre-de-emploi\/emploi-chercheur-astrophysicien-specialise-en-observation-de-disques-protoplanetaires-h-f_35347.aspx<\/a><br>Annonce Job Register: <a href=\"https:\/\/aas.org\/jobregister\/ad\/865f5a5c\" target=\"_blank\" rel=\"noreferrer noopener\">https:\/\/aas.org\/jobregister\/ad\/865f5a5c<\/a><\/p>\n\n\n\n<p>Transmis par Vianney Lebouteiller<\/p>\n\n\n\n<h3 class=\"wp-block-heading\">4. ESA Archival Research Visitor Programme<\/h3>\n\n\n\n<p>To increase the scientific return from its space science missions, the European Space Agency (ESA) welcomes applications from scientists interested in pursuing research projects based on data publicly available in the ESA Space Science Archives.<\/p>\n\n\n\n<p>The ESA Archival Research Visitor Programme is open to scientists, at all career levels, affiliated with institutes in ESA Member States and Collaborating States. We will also consider strong applications from outside those states. Early-career scientists are particularly encouraged to apply. Research projects can be carried out at ESAC (Madrid) and at ESTEC (Noordwijk). During their visits, lasting 1-3 months, visiting scientists will have access to archives and mission specialists for help with the retrieval, calibration, and analysis of archival data. ESA covers travel costs from and to the home institution and provides support for lodging expenses and meals.<\/p>\n\n\n\n<p>Applications received before 1 May 2025 will be considered for visits in autumn and winter 2025\/2026. For further details, see:<\/p>\n\n\n\n<p><a href=\"https:\/\/www.cosmos.esa.int\/web\/esdc\/visitor-programme\" target=\"_blank\" rel=\"noreferrer noopener\">https:\/\/www.cosmos.esa.int\/web\/esdc\/visitor-programme<\/a><\/p>\n\n\n\n<p>Transmis par Guido de Marchi<\/p>\n\n\n\n<h3 class=\"wp-block-heading\">5. Rencontre des utilisateurs du TCFH: 2e annonce, May 26-28, 2025, Quebec (Canada)<\/h3>\n\n\n\n<p>Rencontre des utilisateurs du TCFH &#8211; 2e annonce<br><a href=\"https:\/\/www.cfht.hawaii.edu\/en\/news\/UM2025\/2ndannouncement.php\" target=\"_blank\" rel=\"noreferrer noopener\">https:\/\/www.cfht.hawaii.edu\/en\/news\/UM2025\/2ndannouncement.php<\/a><\/p>\n\n\n\n<p>Les inscriptions et la soumission des r\u00e9sum\u00e9s restent ouvertes pour la 14e r\u00e9union des utilisateurs du t\u00e9lescope Canada-France-Hawaii qui se tiendra \u00e0 l&rsquo;Auberge du Lac-\u00e0-l&rsquo;Eau-Claire, Qu\u00e9bec, Canada. Les participants sont invit\u00e9s \u00e0 s&rsquo;inscrire qu&rsquo;ils pr\u00e9voient y assister en personne ou \u00e0 distance, et pour les 3 jours complets ou seulement 1 ou 2 jours.<\/p>\n\n\n\n<p>Date limite de soumission des r\u00e9sum\u00e9s : 11 mars<br>Date limite d&rsquo;inscription : 1er avril<br>Date limite de r\u00e9servation des chambres : 8 avril<\/p>\n\n\n\n<p>Le programme comprendra des sessions pour offrir des mises \u00e0 jour sur le TCFH et le Maunakea, des r\u00e9sultats des Grands Programmes, des sessions sur l&rsquo;astronomie communautaire et de nouvelles capacit\u00e9s techniques, et des pr\u00e9sentations scientifiques. Les soumissions de pr\u00e9sentations orales et par affiches sont les bienvenues pour toutes les sessions.<\/p>\n\n\n\n<p>Nous sommes particuli\u00e8rement ravis d&rsquo;inclure dans le programme des sessions et des discussions qui \u00e9claireront la conception et la mise en \u0153uvre de notre \u00ab\u00a0Community Survey\u00a0\u00bb, qui servira une large communaut\u00e9 d&rsquo;utilisateurs et aura un impact ou une valeur scientifique importants. Ce Community Survey d\u00e9fini par la communaut\u00e9 pourrait \u00eatre lanc\u00e9e d\u00e8s 2027 ou 2028 et utiliser une allocation comprise entre 800 et 1400 nuits sur une p\u00e9riode allant jusqu&rsquo;\u00e0 5 ans.<\/p>\n\n\n\n<p>L&rsquo;enregistrement et les diapositives de la r\u00e9union en ligne qui s&rsquo;est tenue le 27 f\u00e9vrier en pr\u00e9paration de ce Community Survey sont disponibles sur la page suivante <a href=\"https:\/\/www.cfht.hawaii.edu\/en\/science\/CommunitySurvey\/\" target=\"_blank\" rel=\"noreferrer noopener\">https:\/\/www.cfht.hawaii.edu\/en\/science\/CommunitySurvey\/<\/a><\/p>\n\n\n\n<p>Le programme pr\u00e9liminaire est \u00e9galement disponible sur cette page <a href=\"https:\/\/www.cfht.hawaii.edu\/en\/news\/UM2025\/2ndannouncement.php\" target=\"_blank\" rel=\"noreferrer noopener\">https:\/\/www.cfht.hawaii.edu\/en\/news\/UM2025\/2ndannouncement.php<\/a><\/p>\n\n\n\n<p>Transmis par Nadine Manset &#8211; pour le SOC et le LOC<\/p>\n\n\n\n<h3 class=\"wp-block-heading\">6. European astronomy: science vision beyond 2040, June 23-27, 2025, Cork (Ireland)<\/h3>\n\n\n\n<p>The future of European astronomy is being shaped in the coming years and to address this we are organising a symposium entitled \u00ab\u00a0European astronomy: science vision beyond 2040\u00a0\u00bb at the European Astronomical Society&rsquo;s Annual Meeting in Cork, 23-27 June 2025.<\/p>\n\n\n\n<p>This session will discuss the science priorities beyond 2040 and is given particular impetus by the fact that ESO has set up a process to select its next flagship project in the coming years and has initiated a discussion with the astronomical community. Our symposium, S11, will focus on the scientific vision beyond 2040 and will feature a mixture of invited and contributed talks and solicit abstracts for these. Abstract submission is now open, and the deadline is Monday, March 3, 2025, which is also the deadline for fee waiver requests. Please check the meeting website for details: <a href=\"https:\/\/eas.unige.ch\/EAS2025\/\" target=\"_blank\" rel=\"noreferrer noopener\">https:\/\/eas.unige.ch\/EAS2025\/<\/a><\/p>\n\n\n\n<p>The focus of this symposium is on the science that the astronomical community expects will be crucial in the 2040s and for which we need to start planning now, but presentations on breakthrough technology that might transform our science on the same timescale are also very welcome.<\/p>\n\n\n\n<p>Transmis par St\u00e9phane Charlot<\/p>\n\n\n\n<h3 class=\"wp-block-heading\">7. EAS2025 SS2: A space telescope to rule them all: results from Euclid&rsquo;s first 50 square degrees and challenges ahead, June 25, 2025, Cork (Ireland)<\/h3>\n\n\n\n<p>Do you have exciting Euclid results you wish to share with the wider scientific community?<br>We are pleased to announce that the abstract submission for a Special Session dedicated to Euclid&rsquo;s first 50 square degrees is now open! We wish to invite you all to submit your contributions on any scientific topic related (but not limited) to Quick Release 1 (Q1).<\/p>\n\n\n\n<p>Submissions can be made through the EAS website here: <a href=\"https:\/\/eas.unige.ch\/EAS2025\/abstract_submission.jsp\" target=\"_blank\" rel=\"noreferrer noopener\">https:\/\/eas.unige.ch\/EAS2025\/abstract_submission.jsp<\/a><br>The deadline for submissions is March 3rd 2025.<\/p>\n\n\n\n<p>More details can be found in the attached flyer as well as on the EAS session webpage.<\/p>\n\n\n\n<p>Transmis par Pierre-Alain Duc<\/p>\n\n\n\n<h3 class=\"wp-block-heading\">8. EAS2025 SS28: The Outer Solar System in its Stellar Environment &#8211; in Large Surveys Area, June 26, Cork (Ireland)<\/h3>\n\n\n\n<p>Asteroids and comets &#8211; being relics of the early Solar System stages &#8211; are fundamental to our understanding of its formation and history; and possibly for the origin of life as a source of water and organic material delivery onto our primitive Earth. One still intriguing source of long period comets with large eccentricities and inclinations, is the hypothetical Oort cloud. Such objects can be triggered to move in the inner Solar System region as well as being ejected to interstellar space; similarly inter-stellar objects originating from other stars have also visited our Solar System. This outer region being the interface of the Solar System dynamics with the stellar environment and the galactic potential, it tackles different domains of astronomy. All having moreover shown recent development thanks to the results of recent European Gaia mission data release and show potential with the future Gaia releases, LSST and other survey programmes, and the Comet Interceptor mission.<br><\/p>\n\n\n\n<p><strong>Programme<\/strong><\/p>\n\n\n\n<p>Stellar and Galactic environment<br>Outer Solar System up to the Oort cloud, and Inter-Stellar Objects<br>Surveys deciphering Physical and Dynamical properties of Small Solar System Bodies<br><\/p>\n\n\n\n<p>More information on <a href=\"https:\/\/eas.unige.ch\/EAS2025\/session.jsp?id=SS28\" target=\"_blank\" rel=\"noreferrer noopener\">https:\/\/eas.unige.ch\/EAS2025\/session.jsp?id=SS28<\/a><\/p>\n\n\n\n<p>Abstract submission [deadline March 3rd] : <a href=\"https:\/\/eas.unige.ch\/EAS_meeting\/abstract_submission.jsp\" target=\"_blank\" rel=\"noreferrer noopener\">https:\/\/eas.unige.ch\/EAS_meeting\/abstract_submission.jsp<\/a><\/p>\n\n\n\n<p>Transmis par Daniel Hestroffer<\/p>\n\n\n\n<h3 class=\"wp-block-heading\">9. Atelier SF2A S21: synergies entre JWST et l\u2019ELT pour l\u2019\u00e9tude de la formation stellaire et des disques protoplan\u00e9taires, juillet 4, 2025, Toulouse (France)<\/h3>\n\n\n\n<p>Cet atelier a pour objectif de pr\u00e9parer la communaut\u00e9 astrophysique fran\u00e7aise \u00e0 l\u2019exploitation des capacit\u00e9s de l\u2019Extremely Large Telescope (ELT) et \u00e0 leur compl\u00e9mentarit\u00e9 avec le t\u00e9lescope spatial James Webb (JWST), sur les th\u00e9matiques de la formation stellaire et des disques protoplan\u00e9taires.<\/p>\n\n\n\n<p>L\u2019atelier amorcera des discussions se focalisant sur de potentiels programmes d\u2019observation, les strat\u00e9gies observationnelles, les outils en communs d\u00e9j\u00e0 disponibles et \u00e0 d\u00e9velopper ou encore la mod\u00e9lisation d\u2019observations synth\u00e9tiques.<\/p>\n\n\n\n<p>Chaque contribution devra proposer au moins une partie sur la synergie que ces deux t\u00e9lescopes offriront. Les pr\u00e9sentations seront n\u00e9cessairement courtes (12\u2019+3\u2019), et les pr\u00e9sentations en pr\u00e9sentiel seront privil\u00e9gi\u00e9es.<\/p>\n\n\n\n<p>Vous trouverez plus d\u2019informations sur la page de l\u2019atelier : <a href=\"https:\/\/journees.sf2a.eu\/ateliers\/s21\/\" target=\"_blank\" rel=\"noreferrer noopener\">https:\/\/journees.sf2a.eu\/ateliers\/s21\/<\/a><br>Merci de soumettre vos propositions de contribution avant le 25 avril.<\/p>\n\n\n\n<p>Transmis par Ilane Schroetter<\/p>\n\n\n\n<h3 class=\"wp-block-heading\">10. ESO Workshop: Planetary Formation and Exoplanets in the ELT era, November 17-21, 2025, ESO Garching (Germany) &#8211; reminder<\/h3>\n\n\n\n<p>This is the initial announcement for the upcoming ESO workshop \u00ab\u00a0Planetary Formation and Exoplanets in the ELT era\u00a0\u00bb at ESO Garching, 17 &#8211; 21 November 2025.<br>This workshop will discuss our understanding of how giant and rocky planets form and evolve, their internal structure and that of their atmosphere, in the context of the Extremely Large Telescope (ELT).<\/p>\n\n\n\n<p>The main aims of the workshop are to:<\/p>\n\n\n\n<ol class=\"wp-block-list\">\n<li>inform the ESO community about the status, schedule, modes and performances of the MORFEO\/MICADO, HARMONI, METIS, MOSAIC, ANDES and PCS instruments;<\/li>\n\n\n\n<li>present and revisit the science that will be addressed by the ELT, the scientific cases, samples, strategies of observation, calibration, data analysis and interpretation tools of the programmes dedicated to the study of the planetary formation and exoplanets;<\/li>\n\n\n\n<li>foster collaboration and synergy within the community to harmonize our efforts, tools and strategies for the preparatory work on the ELT programmes dedicated to these topics within the framework of the guaranteed and open time.<\/li>\n<\/ol>\n\n\n\n<p>Key dates:<\/p>\n\n\n\n<ul class=\"wp-block-list\">\n<li>Pre-registration (open): 1 December 2024 (you will receive updates on the community workshop)<\/li>\n\n\n\n<li>Abstract submission and registration open: 1 April 2025<\/li>\n\n\n\n<li>Abstract submission deadline: 15 May 2025<\/li>\n\n\n\n<li>Abstract selection notification: 15 July 2025<\/li>\n\n\n\n<li>Programme announcement: 15 July 2025<\/li>\n\n\n\n<li>Registration (and payment) deadline: 24 September 2025<\/li>\n\n\n\n<li>Workshop: 17 &#8211; 21 November 2025<\/li>\n<\/ul>\n\n\n\n<p>Website: <a href=\"https:\/\/www.eso.org\/sci\/meetings\/2025\/exo-elt.html\" target=\"_blank\" rel=\"noreferrer noopener\">https:\/\/www.eso.org\/sci\/meetings\/2025\/exo-elt.html<\/a><\/p>\n\n\n\n<p>Transmis par Ga\u00ebl Chauvin<\/p>\n\n\n\n<h3 class=\"wp-block-heading\">11. The Dusty Universe 2025: The Fifth Pan Dust Conference, November 10-14, 2025, Tucson AZ (USA)<\/h3>\n\n\n\n<p>Please save the date for this dusty meeting. The goal of this and<br>previous similar meetings is to get the dust community together to<br>review where we are, hear exciting new results, and make plans for the<br>future. The meeting will encompass all aspects of dust investigations<br>including observations, theory, modeling, and lab studies. Previous<br>meetings have had 200+ attendees and we are planning the 2025 meeting to<br>be of similar size.<\/p>\n\n\n\n<p>This is the 5th meeting in the series of dust meetings that happen every<br>5 years. This 5th meeting is overdue. The previous meetings were:<\/p>\n\n\n\n<p>Astrophysics of Dust, Estes Park, Colorado, USA (2003)<br><a href=\"https:\/\/ui.adsabs.harvard.edu\/abs\/2003asdu.confE\u2026.W\/\" target=\"_blank\" rel=\"noreferrer noopener\">https:\/\/ui.adsabs.harvard.edu\/abs\/2003asdu.confE\u2026.W\/<\/a><br>Cosmic Dust &#8211; Near and Far, Heidelberg, Germany (2008)<br><a href=\"https:\/\/www2.mpia-hd.mpg.de\/DNF08\/\" target=\"_blank\" rel=\"noreferrer noopener\">https:\/\/www2.mpia-hd.mpg.de\/DNF08\/<\/a><br>The Life Cycle of Dust in the Universe, Taipei, Taiwan (2013)<br><a href=\"https:\/\/events.asiaa.sinica.edu.tw\/meeting\/20131118\/index.php\" target=\"_blank\" rel=\"noreferrer noopener\">https:\/\/events.asiaa.sinica.edu.tw\/meeting\/20131118\/index.php<\/a><br>Cosmic Dust: Origin, Applications &amp; Implications, Copenhagen, Denmark (2018)<br><a href=\"https:\/\/indico.nbi.ku.dk\/event\/1040\/\" target=\"_blank\" rel=\"noreferrer noopener\">https:\/\/indico.nbi.ku.dk\/event\/1040\/<\/a><\/p>\n\n\n\n<p>Transmis par Fr\u00e9d\u00e9ric Galliano<\/p>\n\n\n\n<h3 class=\"wp-block-heading\">12. Marche pour les Sciences 2025, Mars 7, 2025<\/h3>\n\n\n\n<p>Vous avez peut-\u00eatre d\u00e9j\u00e0 entendu parler de la Marche pour les Sciences 2025 organis\u00e9e le 7 mars par le collectif <a href=\"http:\/\/standupforscience.fr\/\" target=\"_blank\" rel=\"noreferrer noopener\">standupforscience.fr<\/a> initi\u00e9 par trois des co-organisateurs\/trices de la marche pour les sciences 2017 (Olivier Bern\u00e9, Emmanuelle Perez-Tisserand et moi m\u00eame). Cette marche aura lieu le m\u00eame jour que la marche <a href=\"https:\/\/standupforscience2025.org\/\" target=\"_blank\" rel=\"noreferrer noopener\">StandupForScience 2025<\/a> aux USA.<\/p>\n\n\n\n<p>Nous sommes toutes et tous horrifi\u00e9s par ce qui se passe actuellement aux USA. Un moment cl\u00e9 de l\u2019histoire mondiale pourrait \u00eatre en train de se jouer, o\u00f9 la France et l\u2019Europe doivent r\u00e9affirmer leur attachement \u00e0 une d\u00e9mocratie forte s\u2019appuyant sur les connaissances factuelles du monde naturel et des soci\u00e9t\u00e9s humaines et de leur \u00e9volution apport\u00e9es par la recherche scientifique, des humanit\u00e9s aux sciences de l\u2019ing\u00e9nieur.<\/p>\n\n\n\n<p>Enfin, cette marche sera un vrai succ\u00e8s si les participant\u00b7es ne se limitent pas au monde acad\u00e9mique, mais repr\u00e9sentent la plus grande partie possible de la soci\u00e9t\u00e9 fran\u00e7aise.<\/p>\n\n\n\n<p>Pour cela des messages des membres associ\u00e9s du coll\u00e8ge, \u00e0 l\u2019interface avec la soci\u00e9t\u00e9 civile, dans leurs r\u00e9seaux non scientifiques sera particuli\u00e8rement d\u00e9terminant.<\/p>\n\n\n\n<p>Une Marche ne suffira bien s\u00fbr pas dans le contexte actuel fortement d\u00e9grad\u00e9. Mais elle peut initier une dynamique, qui pourrait pour le Coll\u00e8ge prendre la forme par exemple de la cr\u00e9ation d&rsquo;antennes locales dans les grandes villes universitaires qui marcheront.<\/p>\n\n\n\n<p>Plus de 1000 personnes se sont d\u00e9j\u00e0 inscrites pour participer via le site : <a href=\"https:\/\/standupforscience.fr\/rejoindre-le-mouvement\/\" target=\"_blank\" rel=\"noreferrer noopener\">https:\/\/standupforscience.fr\/rejoindre-le-mouvement\/<\/a><\/p>\n\n\n\n<p>Message des initiateurs du mouvement :<\/p>\n\n\n\n<p>\u00ab On March 7, 2025, we rally to defend science as a public good and pillar of social, political, and economic progress. We call on policymakers, institutions, and the scientific community to uphold the integrity of science, protect its accessibility, and ensure its benefits serve all people. \u00bb<\/p>\n\n\n\n<p>En \u00e9cho \u00e0 la journ\u00e9e Stand up for science initi\u00e9e aux \u00c9tats-Unis en r\u00e9sistance aux attaques de l&rsquo;administration Trump contre les institutions scientifiques, des actions de mobilisation seront organis\u00e9es le 7 mars dans chaque ville universitaire de France. Toutes les informations (objectifs, initiateurs, comment participer ?) figurent sur le site suivant :<\/p>\n\n\n\n<figure class=\"wp-block-embed is-type-wp-embed is-provider-stand-up-for-science-france wp-block-embed-stand-up-for-science-france\"><div class=\"wp-block-embed__wrapper\">\n<blockquote class=\"wp-embedded-content\" data-secret=\"dbywIYoIQm\"><a href=\"https:\/\/standupforscience.fr\/\"><\/a><\/blockquote><iframe loading=\"lazy\" class=\"wp-embedded-content\" sandbox=\"allow-scripts\" security=\"restricted\" style=\"position: absolute; visibility: hidden;\" title=\"\u00ab\u00a0\u00a0\u00bb &#8212; Stand Up For Science France\" src=\"https:\/\/standupforscience.fr\/embed\/#?secret=aBQ5ruwoGY#?secret=dbywIYoIQm\" data-secret=\"dbywIYoIQm\" width=\"500\" height=\"282\" frameborder=\"0\" marginwidth=\"0\" marginheight=\"0\" scrolling=\"no\"><\/iframe>\n<\/div><\/figure>\n\n\n\n<p>Dans l\u2019\u00e9tat actuel de l\u2019organisation, tout est \u00e0 faire pour que le 7 mars, aient lieu des marches, des rassemblements, des colloques, des pr\u00e9sentations exp\u00e9rimentales, etc. Toutes les bonnes volont\u00e9s sont les bienvenues, pour contribuer \u00e0 la coordination nationale de l\u2019\u00e9v\u00e8nement et \u00e0 sa communication, la cr\u00e9ation de visuels, la distribution de flyers dans les universit\u00e9s, la mise en relation avec les coll\u00e8gues du secondaire et du primaire, etc. Pour rejoindre le mouvement, merci de vous inscrire ici :<\/p>\n\n\n\n<figure class=\"wp-block-embed is-type-wp-embed is-provider-stand-up-for-science-france wp-block-embed-stand-up-for-science-france\"><div class=\"wp-block-embed__wrapper\">\n<blockquote class=\"wp-embedded-content\" data-secret=\"aV9L4niXbR\"><a href=\"https:\/\/standupforscience.fr\/rejoindre-le-mouvement\/\"><\/a><\/blockquote><iframe loading=\"lazy\" class=\"wp-embedded-content\" sandbox=\"allow-scripts\" security=\"restricted\" style=\"position: absolute; visibility: hidden;\" title=\"\u00ab\u00a0\u00a0\u00bb &#8212; Stand Up For Science France\" src=\"https:\/\/standupforscience.fr\/rejoindre-le-mouvement\/embed\/#?secret=j5L1YNBVzs#?secret=aV9L4niXbR\" data-secret=\"aV9L4niXbR\" width=\"500\" height=\"282\" frameborder=\"0\" marginwidth=\"0\" marginheight=\"0\" scrolling=\"no\"><\/iframe>\n<\/div><\/figure>\n\n\n\n<p>Les renseignements sur Stand up for science aux Etats-Unis figurent sur le site suivant:<br><a href=\"https:\/\/standupforscience2025.org\/\" target=\"_blank\" rel=\"noreferrer noopener\">https:\/\/standupforscience2025.org\/<\/a><\/p>\n\n\n\n<p>Vous pouvez aussi suivre le mouvement sur BlueSky:<br><a href=\"https:\/\/bsky.app\/profile\/standupforscifr.bsky.social\" target=\"_blank\" rel=\"noreferrer noopener\">https:\/\/bsky.app\/profile\/standupforscifr.bsky.social<\/a><\/p>\n\n\n\n<p>Transmis par Patrick Lemaire<\/p>\n\n\n\n<h3 class=\"wp-block-heading\">13. Webinaire: \u00e9galit\u00e9 et coop\u00e9ration internationale, Mars 7, 2025<\/h3>\n\n\n\n<p>Dans un contexte international en pleine mutation, il est essentiel de r\u00e9affirmer l\u2019importance des politiques d\u2019\u00e9galit\u00e9 femmes-hommes.<\/p>\n\n\n\n<p>Quelle est la place des femmes dans la coop\u00e9ration scientifique internationale?<br>De quelle fa\u00e7on les organismes de recherche s\u2019engagent-ils ?<\/p>\n\n\n\n<p>\u00c0 l\u2019occasion de la journ\u00e9e internationale pour les droits des femmes, le CNRS invite des scientifiques, ainsi que des dirigeantes et dirigeants d\u2019organismes de recherche europ\u00e9ens, \u00e0 en d\u00e9battre et \u00e0 proposer des actions concr\u00e8tes dans deux tables-rondes en ligne.<\/p>\n\n\n\n<p>Programme de l\u2019\u00e9v\u00e8nement qui aura lieu le vendredi 7 mars de 10h \u00e0 12h, ainsi que le lien pour s\u2019inscrire : <a href=\"https:\/\/premc.org\/coop-international\/\" target=\"_blank\" rel=\"noreferrer noopener\">https:\/\/premc.org\/coop-international\/<\/a><\/p>\n\n\n\n<p>Transmis par Olivia Venot<\/p>\n\n\n\n<hr class=\"wp-block-separator has-alpha-channel-opacity\"\/>\n\n\n\n<p>Pour faire passer vos messages, envoyez un mail au secr\u00e9tariat SF2A (<a href=\"mailto:secretariat@sf2a.eu\">secretariat@sf2a.eu<\/a>) avant le vendredi 18h pour une diffusion le lundi apr\u00e8s-midi suivant.<\/p>\n","protected":false},"excerpt":{"rendered":"<h4>Message SF2A No 1127 &#8211; 03\/03\/25<\/h4>\n<p>\n1. Nouvelles de l&rsquo;Action Th\u00e9matique Cosmologie et Galaxies (ATCG)<br \/>\n2. Le ESO User committee lance son sondage annuel<br \/>\n3. Recrutement scientifique permanent (H\/F) sur les disques protoplan\u00e9taires \u00e0 l&rsquo;\u00e8re de JWST et de l&rsquo;ELT au CEA-AIM Paris-Saclay<br \/>\n4. ESA Archival Research Visitor Programme<br \/>\n5. Rencontre des utilisateurs du TCFH: 2e annonce, May 26-28, 2025, Quebec (Canada)<br \/>\n6. European astronomy: science vision beyond 2040, June 23-27, 2025, Cork (Ireland)<br \/>\n7. EAS2025 SS2: A space telescope to rule them all: results from Euclid&rsquo;s first 50 square degrees and challenges ahead, June 25, 2025, Cork (Ireland)<br \/>\n8. EAS2025 SS28: The Outer Solar System in its Stellar Environment &#8211; in Large Surveys Area, June 26, Cork (Ireland)<br \/>\n9. Atelier SF2A S21: synergies entre JWST et l\u2019ELT pour l\u2019\u00e9tude de la formation stellaire et des disques protoplan\u00e9taires, juillet 4, 2025, Toulouse (France)<br \/>\n10. ESO Workshop: Planetary Formation and Exoplanets in the ELT era, November 17-21, 2025, ESO Garching (Germany) &#8211; reminder<br \/>\n11. The Dusty Universe 2025: The Fifth Pan Dust Conference, November 10-14, 2025, Tucson AZ (USA)<br \/>\n12. Marche pour les Sciences 2025, Mars 7, 2025 <br \/>\n13. Webinaire: \u00e9galit\u00e9 et coop\u00e9ration internationale, Mars 7, 2025<\/p>\n","protected":false},"author":1,"featured_media":0,"comment_status":"closed","ping_status":"open","sticky":false,"template":"","format":"standard","meta":{"saved_in_kubio":false,"footnotes":""},"categories":[1],"tags":[],"class_list":["post-2166","post","type-post","status-publish","format-standard","hentry","category-uncategorized"],"_links":{"self":[{"href":"https:\/\/sf2a.eu\/website2023\/wp-json\/wp\/v2\/posts\/2166","targetHints":{"allow":["GET"]}}],"collection":[{"href":"https:\/\/sf2a.eu\/website2023\/wp-json\/wp\/v2\/posts"}],"about":[{"href":"https:\/\/sf2a.eu\/website2023\/wp-json\/wp\/v2\/types\/post"}],"author":[{"embeddable":true,"href":"https:\/\/sf2a.eu\/website2023\/wp-json\/wp\/v2\/users\/1"}],"replies":[{"embeddable":true,"href":"https:\/\/sf2a.eu\/website2023\/wp-json\/wp\/v2\/comments?post=2166"}],"version-history":[{"count":1,"href":"https:\/\/sf2a.eu\/website2023\/wp-json\/wp\/v2\/posts\/2166\/revisions"}],"predecessor-version":[{"id":2167,"href":"https:\/\/sf2a.eu\/website2023\/wp-json\/wp\/v2\/posts\/2166\/revisions\/2167"}],"wp:attachment":[{"href":"https:\/\/sf2a.eu\/website2023\/wp-json\/wp\/v2\/media?parent=2166"}],"wp:term":[{"taxonomy":"category","embeddable":true,"href":"https:\/\/sf2a.eu\/website2023\/wp-json\/wp\/v2\/categories?post=2166"},{"taxonomy":"post_tag","embeddable":true,"href":"https:\/\/sf2a.eu\/website2023\/wp-json\/wp\/v2\/tags?post=2166"}],"curies":[{"name":"wp","href":"https:\/\/api.w.org\/{rel}","templated":true}]}}