{"id":2943,"date":"2026-04-26T08:46:57","date_gmt":"2026-04-26T06:46:57","guid":{"rendered":"https:\/\/sf2a.eu\/website2023\/?p=2943"},"modified":"2026-04-26T08:46:57","modified_gmt":"2026-04-26T06:46:57","slug":"message-sf2a-no-1182","status":"publish","type":"post","link":"https:\/\/sf2a.eu\/website2023\/message-sf2a-no-1182\/","title":{"rendered":"Message SF2A No 1182"},"content":{"rendered":"\n<h2 class=\"wp-block-heading\">Message SF2A No 1182 &#8211; 27\/04\/26<\/h2>\n\n\n\n<ol class=\"wp-block-list\">\n<li>Rappel : Prix Camille Flammarion &#8211; Date limite 1er mai<\/li>\n\n\n\n<li>Results from the Space Physics Postdoc Survey<\/li>\n\n\n\n<li>Colloque La terre une plan\u00e8te dynamique, 28-29 mai, 2026, Coll\u00e8ge de France, Paris (France)<\/li>\n\n\n\n<li>JEPP C6 workshop: JWST Exosystems Proposal Preparation-Cycle 6, 16-18 June, 2026, Nice (France)<\/li>\n\n\n\n<li>Conf\u00e9rence The Formation of Stars and Planets in the Evolving Galaxy (SPG2026), 3-7 Aout, 2026, Okinawa (Japon)<\/li>\n\n\n\n<li>\u00c9cole d&rsquo;\u00e9t\u00e9 Rodolphe Cl\u00e9dassou: La science des futurs grands relev\u00e9s cosmologiques, 16-29 Aout, 2026, Pornichet (France)<\/li>\n\n\n\n<li>PLATO Stellar Science Conference 2026, 24-26 August, 2026, Li\u00e8ge (Belgium)<\/li>\n\n\n\n<li>Ecole sur les donn\u00e9es de l\u2019astronomie Cherenkov: Cherenkov Astronomy Data School (CADS 2026), 2-6 November, 2026, Paris (France)<\/li>\n\n\n\n<li>Conf\u00e9rence ELT-France 2027, 26-28 janvier, 2027, ENS, Lyon (France)<\/li>\n<\/ol>\n\n\n\n<h3 class=\"wp-block-heading\">1. Rappel : Prix Camille Flammarion &#8211; Date limite 1er mai<\/h3>\n\n\n\n<p>La Soci\u00e9t\u00e9 Astronomique de France (SAF) et la Soci\u00e9t\u00e9 Fran\u00e7aise d\u2019Astronomie et d\u2019Astrophysique (SF2A) se sont associ\u00e9es pour cr\u00e9er en 2022 le Prix Camille Flammarion destin\u00e9 \u00e0 r\u00e9compenser une action de m\u00e9diation scientifique men\u00e9e par une jeune chercheuse ou un jeune chercheur. Ce prix est ouvert aux doctorant(e)s et aux post-doctorant(e)s en Sciences de l\u2019Univers. La SAF et SF2A lancent le 5\u00e8me appel \u00e0 candidature pour le Prix Camille Flammarion qui sera remis lors de la semaine de l\u2019Astrophysique Fran\u00e7aise qui se tiendra du 22 au 26 juin 2026 \u00e0 Grenoble.<\/p>\n\n\n\n<p>Le prix d\u00e9cern\u00e9 sera mat\u00e9rialis\u00e9 par un ch\u00e8que de 1000\u20ac ; un communiqu\u00e9 de presse sera ensuite diffus\u00e9. En outre, le projet distingu\u00e9 pourra faire l\u2019objet d\u2019une communication lors des journ\u00e9es de la SF2A 2026 et d\u2019une publication dans le magazine l\u2019Astronomie.<\/p>\n\n\n\n<p>Le jury compos\u00e9 de membres de la SAF et de la SF2A d\u00e9cidera en mai 2026 de la personne laur\u00e9ate du prix.<\/p>\n\n\n\n<p>Quelles sont les conditions de participation ?<\/p>\n\n\n\n<ul class=\"wp-block-list\">\n<li>Le prix est ouvert aux doctorant(e)s et postdoctorant(e)s francophones en Sciences de l\u2019Univers \u00e0 titre individuel ou en collaboration avec une association ou un laboratoire<\/li>\n\n\n\n<li>Le projet pr\u00e9sent\u00e9 doit \u00eatre en cours (2025\/2026) ou avoir eu lieu l\u2019an dernier (2024\/2025) et concerne un des domaines des Sciences de l\u2019Univers<\/li>\n\n\n\n<li>Toutes les tailles et tous les formats de projet sont les bienvenus. Les points importants sont le c\u00f4t\u00e9 innovant de votre projet et l\u2019impact de votre initiative sur le public cible<\/li>\n\n\n\n<li>Les candidatures seront soumises en Fran\u00e7ais\u00a0<\/li>\n<\/ul>\n\n\n\n<p>Pour faire acte de candidature, il est n\u00e9cessaire de :<\/p>\n\n\n\n<ul class=\"wp-block-list\">\n<li>\u00a0R\u00e9pondre au formulaire en ligne avant le\u00a0<strong>1er mai 12h<\/strong>\u00a0sur : <a href=\"https:\/\/forms.gle\/vDvNKzUcYGZNdmX36\">https:\/\/forms.gle\/vDvNKzUcYGZNdmX36<\/a><\/li>\n\n\n\n<li>\u00a0Joindre dans le formulaire en ligne un court CV (1 page en format PDF) de la personne porteuse principale du projet.<\/li>\n<\/ul>\n\n\n\n<p>N&rsquo;h\u00e9sitez pas \u00e0 nous contacter si besoin<\/p>\n\n\n\n<ul class=\"wp-block-list\">\n<li>Sylvain Bouley &#8211; Soci\u00e9t\u00e9 Astronomique de France &#8211;&nbsp;<a href=\"mailto:sylvain.bouley@gmail.com\">sylvain.bouley@gmail.com<\/a><\/li>\n\n\n\n<li>Olivia Venot &#8211; Soci\u00e9t\u00e9 Fran\u00e7aise d&rsquo;Astronomie et d\u2019Astrophysique &#8211;&nbsp;<a href=\"mailto:presidence@sf2a.eu\">presidence@sf2a.eu<\/a><\/li>\n<\/ul>\n\n\n\n<p>Transmis par Olivia Venot<\/p>\n\n\n\n<h3 class=\"wp-block-heading\">2. Results from the Space Physics Postdoc Survey<\/h3>\n\n\n\n<p>Thanks to everyone who filled out the early-career survey that we distributed in winter 2024-2025. The results are in!<\/p>\n\n\n\n<p>This survey is intended to measure the working conditions and career prospects of non-permanent researchers in the international heliospheric and magnetospheric physics communities.<\/p>\n\n\n\n<p>A PDF of the survey results can be found HERE:<\/p>\n\n\n\n<p><a href=\"https:\/\/zenodo.org\/uploads\/16504467\">https:\/\/zenodo.org\/uploads\/16504467<\/a><\/p>\n\n\n\n<p>The repo also contains the response data in .csv format, and Python code for plotting.<\/p>\n\n\n\n<p>We are working to write up our interpretation of the results as a peer-reviewed article. We are particularly interested in the challenges faced by post-PhD researchers as they work to advance their careers.<\/p>\n\n\n\n<p>LEARN MORE at the EGU Short Course 1.4: \u00ab\u00a0How are Postdocs Doing? Rethinking the Postdoctoral Experience in Geosciences\u00a0\u00bb, Monday, 4 May 2026, 16:15\u201318:00 CEST (<a href=\"https:\/\/www.egu26.eu\/session\/57870\">https:\/\/www.egu26.eu\/session\/57870<\/a>). This short course will feature results from our survey presented alongside findings from the AGU SPA Early Career Leadership Advisory Committee survey on the state of the early career profession in space physics and aeronomy. Together, these surveys will help frame a discussion on the systemic challenges faced by postdoctoral and non-permanent researchers, and on possible ways to build a more sustainable and equitable academic environment.<\/p>\n\n\n\n<p>For more information, you may contact the survey administrators:&nbsp;<a href=\"mailto:konstantinos.horaites@colorado.edu\">konstantinos.horaites@colorado.edu<\/a>&nbsp;,&nbsp;<a href=\"mailto:giulia.cozzani@cnrs-orleans.fr\">giulia.cozzani@cnrs-orleans.fr<\/a>&nbsp;,&nbsp;<a href=\"mailto:eleanna.asvestari@helsinki.fi\">eleanna.asvestari@helsinki.fi<\/a>&nbsp;,&nbsp;<a href=\"mailto:maxime.grandin@fmi.fi\">maxime.grandin@fmi.fi<\/a><\/p>\n\n\n\n<p>Transmis par Giulia Cozzani<\/p>\n\n\n\n<h3 class=\"wp-block-heading\">3. Colloque La terre une plan\u00e8te dynamique, 28-29 mai, 2026, Coll\u00e8ge de France, Paris (France)<\/h3>\n\n\n\n<p>Le colloque La Terre une plan\u00e8te dynamique, un hommage \u00e0 Xavier le Pichon se tiendra les jeudi 28 et vendredi 29 mai au Coll\u00e8ge de France:<\/p>\n\n\n\n<p><a href=\"https:\/\/www.college-de-france.fr\/fr\/agenda\/colloque\/la-terre-une-planete-dynamique-un-hommage-xavier-le-pichon\">https:\/\/www.college-de-france.fr\/fr\/agenda\/colloque\/la-terre-une-planete-dynamique-un-hommage-xavier-le-pichon<\/a><\/p>\n\n\n\n<p>L\u2019entr\u00e9e est libre en pr\u00e9sentiel sans retransmission en direct. Comme d\u2019habitude, les vid\u00e9os seront ensuite disponibles sur le site web SDU du Coll\u00e8ge de France:<\/p>\n\n\n\n<p><a href=\"https:\/\/www.youtube.com\/@Sciences-de-l-Univers-CdF\">https:\/\/www.youtube.com\/@Sciences-de-l-Univers-CdF<\/a><\/p>\n\n\n\n<p>Edouard Bard, Alessandro Morbidelli, Barbara Romanowicz, Eric Calais<\/p>\n\n\n\n<p>Transmis par C\u00e9line Reyl\u00e9<\/p>\n\n\n\n<h3 class=\"wp-block-heading\">4. JEPP C6 workshop: JWST Exosystems Proposal Preparation-Cycle 6, 16-18 June, 2026, Nice (France)<\/h3>\n\n\n\n<p>Registrations are now open for the JWST Exosystem Proposal Preparation workshop &#8211; Cycle 6, to be held at the Lagrange Laboratory in Nice, Valrose univeristy, June 16 to 18.<\/p>\n\n\n\n<p>Please visit the workshop website to register:<\/p>\n\n\n\n<p><a href=\"https:\/\/jepp-c6.sciencesconf.org\">https:\/\/jepp-c6.sciencesconf.org<\/a><\/p>\n\n\n\n<p>The registrations will be open until&nbsp;<strong>May 17th<\/strong>.<\/p>\n\n\n\n<p>Early-career scientists are welcome and encouraged to register.<\/p>\n\n\n\n<p>Meals will be provided, travel and lodging are at the discretion of the participants.<\/p>\n\n\n\n<p>Workshop rational:<\/p>\n\n\n\n<p>&nbsp;In 5 observing cycles, the James Webb Space Telescope (JWST) has already revolutionized the science of exoplanets and exoplanetary systems. Its unrivaled sensitivity and spectral resolution, particularly in the mid-infrared, have enabled previously unattainable diagnoses to be made. Significant breakthroughs have been made in all sub-fields related to exoplanetary systems, from transiting rocky planets to gas giant planets, and from the chemistry of inner disks to the physics of cold outer disks.<\/p>\n\n\n\n<p>&nbsp;As the pressure to obtain observing time with this observatory keeps increasing, it is all the more necessary to join forces to develop competitive science cases with multiple expertise from observations to theory.<\/p>\n\n\n\n<p>To help the French Exosystem community to develop strong and successful proposals, we will be holding the 4th edition of the JWST Exosystem Proposal Preparation (JEPP) workshop series June 16-18 at the Lagrange Laboratory in Nice.<\/p>\n\n\n\n<p>&nbsp;This two-day workshop will be organized in two parts:<\/p>\n\n\n\n<ul class=\"wp-block-list\">\n<li>A session with invited talks from experts about the TAC process, the telescope and its instruments, and reviews on the latest JWST results on Exosystems sub-fields,<\/li>\n\n\n\n<li>\u00a0A brainstorming session in small groups to develop collaborative proposals on key science cases.<\/li>\n<\/ul>\n\n\n\n<p>&nbsp;Key dates:<\/p>\n\n\n\n<ul class=\"wp-block-list\">\n<li>\u00a0April 18th: Registration opens<\/li>\n\n\n\n<li>\u00a0May 17th: Registration deadline<\/li>\n\n\n\n<li>\u00a0June 16-18: Workshop in Nice<\/li>\n\n\n\n<li>For questions or additional information, please contact the organizing team via the workshop website.<\/li>\n<\/ul>\n\n\n\n<p>The SOC:<\/p>\n\n\n\n<p>Vivien Parmentier (Chair), Anthony Boccaletti, Mickael Bonnefoy, Elodie Choquet, Pierre-Olivier Lagage, Elsa Ducrot, Anne Dutrey<\/p>\n\n\n\n<p>Transmis par Vivien Parmentier<\/p>\n\n\n\n<h3 class=\"wp-block-heading\">5. Conf\u00e9rence The Formation of Stars and Planets in the Evolving Galaxy (SPG2026), 3-7 Aout, 2026, Okinawa (Japon)<\/h3>\n\n\n\n<p>J&rsquo;ai le plaisir de vous annoncer la tenue de la conf\u00e9rence The Formation of Stars and Planets in the Evolving Galaxy (SPG2026), qui se tiendra du 3 ao\u00fbt 7 ao\u00fbt 2026, \u00e0 Okinawa au Japon (<a href=\"http:\/\/ppvii.org\/spg2026\">http:\/\/ppvii.org\/spg2026<\/a>).<\/p>\n\n\n\n<p>R\u00e9sum\u00e9 : Les avanc\u00e9es r\u00e9centes des techniques d\u2019observation, associ\u00e9es aux progr\u00e8s th\u00e9oriques, ont profond\u00e9ment renouvel\u00e9 notre compr\u00e9hension de la formation des \u00e9toiles et des plan\u00e8tes. Ces deux processus, \u00e9troitement li\u00e9s, doivent \u00eatre \u00e9tudi\u00e9s conjointement. Par ailleurs, la formation du Syst\u00e8me solaire est aujourd\u2019hui replac\u00e9e dans un cadre plus large, celui de l\u2019\u00e9volution de notre galaxie, la Voie lact\u00e9e. Cette conf\u00e9rence r\u00e9unira des chercheurs autour des th\u00e9matiques de recherche li\u00e9es \u00e0 la formation des \u00e9toiles et des plan\u00e8tes, ainsi qu\u2019\u00e0 l\u2019\u00e9volution de la Galaxie, afin de confronter leurs approches et d\u2019encourager de nouvelles collaborations.<\/p>\n\n\n\n<p>Inscriptions avannt le&nbsp;<strong>12 mai 2026&nbsp;<\/strong><\/p>\n\n\n\n<p>Transmis par Guilaume Laibe<\/p>\n\n\n\n<h3 class=\"wp-block-heading\">6. \u00c9cole d&rsquo;\u00e9t\u00e9 Rodolphe Cl\u00e9dassou: La science des futurs grands relev\u00e9s cosmologiques, 16-29 Aout, 2026, Pornichet (France)<\/h3>\n\n\n\n<p>Les inscriptions \u00e0 la session 2026 de l&rsquo;\u00e9cole \u201cRodolphe Cl\u00e9dassou : La science des futurs grands relev\u00e9s cosmologiques\u00a0\u00bb sont \u00e0 pr\u00e9sent ouvertes!<\/p>\n\n\n\n<p>Inscriptions, programme et informations pratiques sur le site :&nbsp;<a href=\"https:\/\/ede2026.sciencesconf.org\/\">https:\/\/ede2026.sciencesconf.org\/<\/a><\/p>\n\n\n\n<p>L\u2019\u00e9cole s\u2019adresse aux doctorants, post-doctorants, chercheurs et ing\u00e9nieurs int\u00e9ress\u00e9s par la cosmologie contemporaine. Elle se tient sur deux semaines et propose des cours intensifs r\u00e9partis en trois cycles compl\u00e9mentaires, combinant th\u00e9orie, observation et outils num\u00e9riques.<\/p>\n\n\n\n<p><strong>Cycle 1 \u2013 Introduction \u00e0 la cosmologie moderne<\/strong><\/p>\n\n\n\n<p>&nbsp;Ce cycle propose un panorama complet : instruments et m\u00e9thodes (photom\u00e9trie, spectroscopie), bases du mod\u00e8le standard, lentillage gravitationnel, fond diffus cosmologique, formation des structures, mati\u00e8re noire et supernovae. Il inclut \u00e9galement des sessions sur les simulations cosmologiques, les techniques statistiques avanc\u00e9es, le machine learning et l\u2019utilisation d\u2019outils comme Python.<\/p>\n\n\n\n<p>&nbsp;\u00c0 l\u2019issue du cycle 1, les participants peuvent approfondir leurs connaissances en suivant l\u2019un ou les deux cycles avanc\u00e9s (OBS et TH). La participation aux deux parcours est vivement encourag\u00e9e pour acqu\u00e9rir une vision compl\u00e8te et compl\u00e9mentaire des approches observationnelles et th\u00e9oriques en cosmologie moderne:<\/p>\n\n\n\n<p><strong>Cycle 2-OBS<\/strong>&nbsp;\u2013 Observation, instrumentation et analyse de donn\u00e9es<\/p>\n\n\n\n<p>&nbsp;Il approfondit les approches observationnelles : lentillage gravitationnel, clustering des galaxies, simulations end-to-end avec effets instrumentaux, ainsi que les techniques de deep learning appliqu\u00e9es \u00e0 l\u2019extraction de signaux cosmologiques et \u00e0 la reconstruction de cartes de masse.<\/p>\n\n\n\n<p><strong>Cycle 2-TH<\/strong>&nbsp;\u2013 Th\u00e9ories et mod\u00e9lisation cosmologique<\/p>\n\n\n\n<p>&nbsp;Ce cycle met l\u2019accent sur les fondements th\u00e9oriques : \u00e9nergie noire, gravit\u00e9 modifi\u00e9e, spectre de mati\u00e8re, inflation, physique des amas, mod\u00e8les de clustering et lentillage. Il aborde aussi les d\u00e9fis li\u00e9s aux param\u00e8tres de nuisance, et pr\u00e9sente les applications du deep learning dans un cadre th\u00e9orique.<\/p>\n\n\n\n<p>Alain Blanchard, Bogna Kubik, Isaac Tutusaus et Tancr\u00e8de M\u00e9nard pour le comit\u00e9 d\u2019organisation<\/p>\n\n\n\n<p>Transmis par Bogna Kubik<\/p>\n\n\n\n<h3 class=\"wp-block-heading\">7. PLATO Stellar Science Conference 2026, 24-26 August, 2026, Li\u00e8ge (Belgium)<\/h3>\n\n\n\n<p>The next PLATO Stellar Science Conference, will be held at the University of Li\u00e8ge, in Li\u00e8ge, Belgium on 24-26 of August 2026:<\/p>\n\n\n\n<p>PLATO Stellar Science Conference 2026<\/p>\n\n\n\n<p>Registration and abstract submission will open on March 15th 2026, with a deadline for contributed talks on&nbsp;<strong>May 15th<\/strong>&nbsp;and registration closes on&nbsp;<strong>May 31st 2026<\/strong>. There are no registration fees but participation is limited to 120 people.<\/p>\n\n\n\n<p>The launch of the PLATO mission, expected in late 2026, is now looming very near. The stellar science community plays a critical role in the preparation of the mission, and will be equally central in the exploitation of the data that it will provide. The PLATO Stellar Science Conference 2026 is part of a series of meetings meant to bring together the community as a whole, to ensure that we have all the tools in hand to optimise the scientific return of the PLATO mission, and exploit its data to its fullest potential. Being the last PLATO Stellar Science Conference before launch, coming at an exciting time for the mission, this meeting will benefit from all ideas that the community may have to offer, and especially from the experience gathered thanks to Kepler and TESS.&nbsp;<\/p>\n\n\n\n<p>Meeting website:&nbsp;<a href=\"https:\/\/plato-stars2026.sciencesconf.org\/?lang=en\">https:\/\/plato-stars2026.sciencesconf.org\/?lang=en<\/a><\/p>\n\n\n\n<p>Contact email:&nbsp;<a href=\"mailto:plato-stars2026@sciencesconf.org\">plato-stars2026@sciencesconf.org<\/a><\/p>\n\n\n\n<p>Transmis par Rhita-Maria Ouazzani<\/p>\n\n\n\n<h3 class=\"wp-block-heading\">8. Ecole sur les donn\u00e9es de l\u2019astronomie Cherenkov: Cherenkov Astronomy Data School (CADS 2026), 2-6 November, 2026, Paris (France)\u00a0<\/h3>\n\n\n\n<p>Nous avons le plaisir d&rsquo;organiser la troisi\u00e8me \u00e9dition de CADS, une \u00e9cole d&rsquo;une semaine sur l&rsquo;astronomie des rayons gamma \u00e0 l&rsquo;Observatoire de Paris, con\u00e7ue pour les doctorants\/postdocs\/chercheurs d\u00e9sireux d&rsquo;apprendre sur les donn\u00e9es de l&rsquo;astronomie des rayons gamma et les d\u00e9fis sp\u00e9cifiques des observations Cherenkov au sol et de l&rsquo;analyse des donn\u00e9es de haute \u00e9nergie. L&rsquo;outil d&rsquo;analyse scientifique Gammapy, choisi par\/pour l&rsquo;observatoire international CTAO (Cherenkov Telescope Array Observatory), sera pr\u00e9sent\u00e9. Les conf\u00e9rences et les travaux pratiques (d\u00e9butants et utilisateurs exp\u00e9riment\u00e9s) auront lieu sur deux sites de l&rsquo;Observatoire de Paris, \u00e0 Paris et \u00e0 Meudon. Gr\u00e2ce \u00e0 la participation de l\u2019API HE de l\u2019Observatoire de Paris, et du centre Jules Janssen, les frais d\u2019inscriptions sont enti\u00e8rement pris en charge.<\/p>\n\n\n\n<p>Les informations d\u00e9taill\u00e9es et la page d&rsquo;inscription sont disponibles sur la page Indico suivante :&nbsp;<a href=\"https:\/\/indico.obspm.fr\/event\/2993\/\">https:\/\/indico.obspm.fr\/event\/2993\/<\/a><\/p>\n\n\n\n<p>Transmis par Pierre Cristofari&nbsp;<\/p>\n\n\n\n<h3 class=\"wp-block-heading\">9. Conf\u00e9rence ELT-France 2027, 26-28 janvier, 2027, ENS, Lyon (France)<\/h3>\n\n\n\n<p>Une conf\u00e9rence nationale organis\u00e9e par l\u2019INSU et pilot\u00e9e par la CSAA est pr\u00e9vue du 26 au 28 janvier 2027 dans l&rsquo;amphith\u00e9\u00e2tre M\u00e9rieux de l\u2019ENS \u00e0 Lyon pour renforcer la structuration de la communaut\u00e9 fran\u00e7aise autour des grandes th\u00e9matiques port\u00e9es par l\u2019ELT. Vous pouvez vous inscrire d\u00e8s maintenant !\u00a0<\/p>\n\n\n\n<p>Site web :&nbsp;<a href=\"https:\/\/elt-france2027.sciencesconf.org\/\">https:\/\/elt-france2027.sciencesconf.org\/<\/a><\/p>\n\n\n\n<p>SOC : Alexis CARLOTTI (IPAG, Grenoble); Ad\u00e9la\u00efde CLAEYSSENS (CRAL, Lyon); Benoit FAMAEY (co-chair) (ObAS, Strasbourg) ; Jonathan FREUNDLICH (ObAS, Strasbourg); Olivier GROUSSIN (LAM, Marseille) ; S\u00e9bastien GUILLOT (IRAP, Toulouse); Elsa HUBY (LIRA, Meudon); Nicolas LAPORTE (co-chair) (LAM, Marseille) ; Franck LE PETIT (LUX, Paris); Nad\u00e8ge MEUNIER (IPAG, Grenoble) ; Karine PERRAUT (IPAG, Grenoble) ; Pascal PETIT (IRAP, Toulouse) ; Arthur VIGAN (LAM, Marseille) ; Benoit TABONE (IAS, Saclay) ; Fr\u00e9d\u00e9ric VINCENT (LESIA, Meudon)<\/p>\n\n\n\n<p>Rationale : L\u2019Extremely Large Telescope (ELT) de 39 m\u00e8tres de diam\u00e8tre de l\u2019ESO entre dans la derni\u00e8re phase de sa construction, marqu\u00e9e par l\u2019ach\u00e8vement imminent du d\u00f4me. La premi\u00e8re lumi\u00e8re technique est attendue en mars 2029, et l\u2019arriv\u00e9e des premiers instruments sur site est pr\u00e9vue \u00e0 l\u2019horizon 2030. La suite instrumentale, qui \u00e9quipera ce plus grand t\u00e9lescope optique du monde, inclura des imageurs et des spectrographes, couvrant du visible jusqu\u2019au moyen infrarouge, et permettra des observations et des \u00e9tudes uniques de l\u2019univers. Partenaire ou (co-)porteur des 4 instruments de 1\u00e8re lumi\u00e8re (MICADO, METIS, MORFEO et HARMONI) et des 2 instruments de 1\u00e8re g\u00e9n\u00e9ration (MOSAIC et ANDES), la France pourra jouer un r\u00f4le-cl\u00e9 dans l\u2019exploitation scientifique de cette suite instrumentale. Ces journ\u00e9es ELT-France 2027 visent \u00e0 rassembler l&rsquo;ensemble de la communaut\u00e9 fran\u00e7aise qui pourrait b\u00e9n\u00e9ficier des capacit\u00e9s de l\u2019ELT et de ses instruments et de renforcer la structuration de la communaut\u00e9 fran\u00e7aise autour des grandes th\u00e9matiques scientifiques qui en b\u00e9n\u00e9ficieront. Ces journ\u00e9es sont largement ouvertes \u00e0 toute la communaut\u00e9 qui pourrait \u00eatre int\u00e9ress\u00e9e par l\u2019exploitation de cette suite instrumentale. Les personnes qui n\u2019appartiennent \u00e0 aucun consortium sont particuli\u00e8rement bienvenues. Il en est de m\u00eame des personnes en post-doctorat ou en th\u00e8se de doctorat qui seront les futurs utilisateurs de ce t\u00e9lescope. Les pr\u00e9sentations et les discussions se feront en anglais.<\/p>\n\n\n\n<p>Calendrier : &nbsp;Date limite pour soumettre une contribution :&nbsp;<strong>29 juin 2026 &#8211; 17h00 (CEST)<\/strong><\/p>\n\n\n\n<p>Transmis par Nicolas Laporte<\/p>\n\n\n\n<hr class=\"wp-block-separator has-alpha-channel-opacity\"\/>\n\n\n\n<p>Pour faire passer vos messages, envoyez un mail au secr\u00e9tariat SF2A (<a href=\"mailto:secretariat@sf2a.eu\">secretariat@sf2a.eu<\/a>) avant le vendredi 18h pour une diffusion le lundi apr\u00e8s-midi suivant.<\/p>\n\n\n\n<p>Pour se d\u00e9sabonner de la newsletter, rendez-vous dans votre espace MaSF2A (<a href=\"http:\/\/www.ma.sf2a.eu\/\">www.ma.sf2a.eu<\/a>)&gt;Annuaire&gt;G\u00e9rer votre fiche.<\/p>\n","protected":false},"excerpt":{"rendered":"<h4>Message SF2A No 1182 &#8211; 27\/04\/26<\/h4>\n<p>\n1. Rappel : Prix Camille Flammarion &#8211; Date limite 1er mai<br \/>\n2. Results from the Space Physics Postdoc Survey<br \/>\n3. Colloque La terre une plan\u00e8te dynamique, 28-29 mai, 2026, Coll\u00e8ge de France, Paris (France)<br \/>\n4. JEPP C6 workshop: JWST Exosystems Proposal Preparation-Cycle 6, 16-18 June, 2026, Nice (France)<br \/>\n5. Conf\u00e9rence The Formation of Stars and Planets in the Evolving Galaxy (SPG2026), 3-7 Aout, 2026, Okinawa (Japon)<br \/>\n6. \u00c9cole d&rsquo;\u00e9t\u00e9 Rodolphe Cl\u00e9dassou: La science des futurs grands relev\u00e9s cosmologiques, 16-29 Aout, 2026, Pornichet (France)<br \/>\n7. PLATO Stellar Science Conference 2026, 24-26 August, 2026, Li\u00e8ge (Belgium)<br \/>\n8. Ecole sur les donn\u00e9es de l\u2019astronomie Cherenkov: Cherenkov Astronomy Data School (CADS 2026), 2-6 November, 2026, Paris (France)<br \/>\n9. Conf\u00e9rence ELT-France 2027, 26-28 janvier, 2027, ENS, Lyon (France)<\/p>\n","protected":false},"author":1,"featured_media":0,"comment_status":"closed","ping_status":"open","sticky":false,"template":"","format":"standard","meta":{"saved_in_kubio":false,"footnotes":""},"categories":[1],"tags":[],"class_list":["post-2943","post","type-post","status-publish","format-standard","hentry","category-uncategorized"],"_links":{"self":[{"href":"https:\/\/sf2a.eu\/website2023\/wp-json\/wp\/v2\/posts\/2943","targetHints":{"allow":["GET"]}}],"collection":[{"href":"https:\/\/sf2a.eu\/website2023\/wp-json\/wp\/v2\/posts"}],"about":[{"href":"https:\/\/sf2a.eu\/website2023\/wp-json\/wp\/v2\/types\/post"}],"author":[{"embeddable":true,"href":"https:\/\/sf2a.eu\/website2023\/wp-json\/wp\/v2\/users\/1"}],"replies":[{"embeddable":true,"href":"https:\/\/sf2a.eu\/website2023\/wp-json\/wp\/v2\/comments?post=2943"}],"version-history":[{"count":1,"href":"https:\/\/sf2a.eu\/website2023\/wp-json\/wp\/v2\/posts\/2943\/revisions"}],"predecessor-version":[{"id":2944,"href":"https:\/\/sf2a.eu\/website2023\/wp-json\/wp\/v2\/posts\/2943\/revisions\/2944"}],"wp:attachment":[{"href":"https:\/\/sf2a.eu\/website2023\/wp-json\/wp\/v2\/media?parent=2943"}],"wp:term":[{"taxonomy":"category","embeddable":true,"href":"https:\/\/sf2a.eu\/website2023\/wp-json\/wp\/v2\/categories?post=2943"},{"taxonomy":"post_tag","embeddable":true,"href":"https:\/\/sf2a.eu\/website2023\/wp-json\/wp\/v2\/tags?post=2943"}],"curies":[{"name":"wp","href":"https:\/\/api.w.org\/{rel}","templated":true}]}}