{"id":2953,"date":"2026-05-02T21:34:29","date_gmt":"2026-05-02T19:34:29","guid":{"rendered":"https:\/\/sf2a.eu\/website2023\/?p=2953"},"modified":"2026-05-03T17:24:28","modified_gmt":"2026-05-03T15:24:28","slug":"message-sf2a-no-1183","status":"publish","type":"post","link":"https:\/\/sf2a.eu\/website2023\/message-sf2a-no-1183\/","title":{"rendered":"Message SF2A No 1183"},"content":{"rendered":"\n<h2 class=\"wp-block-heading\">Message SF2A No 1183 &#8211; 04\/05\/26<\/h2>\n\n\n\n<ol class=\"wp-block-list\">\n<li>Message de l&rsquo;AT EXOS<\/li>\n\n\n\n<li>CNES &#8211; PARS &#8211; APR 2027 &#8211; Ouverture de l&rsquo;Appel annuel \u00e0 Propositions de Recherche spatiale<\/li>\n\n\n\n<li>Journ\u00e9e mission L4 Encelade, 9 juin, 2026, CNES Pairs (France) &#8211; Appel \u00e0 contributions<\/li>\n\n\n\n<li>Symposium franco-am\u00e9ricain \u00e0 l&rsquo;Acad\u00e9mie des sciences, 20-21 mai, 2026, Paris (France)<\/li>\n\n\n\n<li>Journ\u00e9e Ariel 2026<\/li>\n\n\n\n<li>Astro-CC Project Training Event (Virtual Observatory School), 29 September &#8211; 1 October, 2026, Strasbourg (France)<\/li>\n\n\n\n<li>Le num\u00e9ro de mai du magazine de la SAF l\u2019Astronomie est paru<\/li>\n<\/ol>\n\n\n\n<h3 class=\"wp-block-heading\">1. Message de l&rsquo;AT EXOS<\/h3>\n\n\n\n<p>L\u2019Action Th\u00e9matique Exosyst\u00e8mes (AT-EXOS) est actuellement transverse aux programmes nationaux de Plan\u00e9tologie (PNP) et d\u2019Astronomie &amp; Astrophysique (PN-AA). Cette double affiliation n\u2019a pas d\u2019impact sur l\u2019attribution des financements, mais elle engendre une charge de travail importante pour le comit\u00e9 d\u2019expertise scientifique.<\/p>\n\n\n\n<p>Dans ce contexte, nous souhaitons recueillir l\u2019avis de la communaut\u00e9 quant \u00e0 une \u00e9ventuelle \u00e9volution de ce rattachement. Serait-il pertinent d\u2019associer l\u2019AT-EXOS \u00e0 un seul de ces programmes nationaux ? Selon vous, \u00e0 quel(s) programme(s) national(aux) l\u2019Action Th\u00e9matique Exosyst\u00e8mes (AT-EXOS) devrait-elle \u00eatre rattach\u00e9e ?<\/p>\n\n\n\n<p>Merci d&rsquo;y r\u00e9pondre d&rsquo;ici le&nbsp;<strong>29 mai 2026<\/strong>&nbsp;(le sondage est tr\u00e8s rapide : une seule question). Les r\u00e9sultats seront pr\u00e9sent\u00e9s \u00e0 l&rsquo;atelier S01 de la SF2A.<\/p>\n\n\n\n<p>Lien sondage :&nbsp;<a href=\"https:\/\/beta.framadate.org\/polls\/a67bf5fc2ef438d03662\">https:\/\/beta.framadate.org\/polls\/a67bf5fc2ef438d03662<\/a><\/p>\n\n\n\n<p>Le CES de l&rsquo;AT-EXOS<\/p>\n\n\n\n<h3 class=\"wp-block-heading\">2. CNES &#8211; PARS &#8211; APR 2027 &#8211; Ouverture de l&rsquo;Appel annuel \u00e0 Propositions de Recherche spatiale<\/h3>\n\n\n\n<p>La strat\u00e9gie du CNES pour la science est b\u00e2tie sur les id\u00e9es propos\u00e9es par les chercheurs des laboratoires fran\u00e7ais. Ainsi, dans le cadre de son programme d\u2019accompagnement de la recherche spatiale (PARS), afin de les stimuler et de les soutenir, le CNES publie chaque ann\u00e9e, un Appel \u00e0 Propositions de Recherche spatiale (APR) \u00e0 destination de la communaut\u00e9 scientifique nationale.<\/p>\n\n\n\n<p>L\u2019APR, pour pr\u00e9parer le programme de recherche scientifique spatiale du CNES pour l\u2019ann\u00e9e 2027, est ouvert !<\/p>\n\n\n\n<p>L\u2019APR concerne les projets nationaux ainsi que les projets de l\u2019ESA et des autres agences spatiales. Il concerne les sciences de l\u2019Univers, les sciences en microgravit\u00e9, les sciences de la plan\u00e8te Terre, les sciences humaines et sociales ainsi que l\u2019ensemble des activit\u00e9s ballons.<\/p>\n\n\n\n<p>L\u2019APR s\u2019applique aussi bien \u00e0 des propositions nouvelles qu\u2019\u00e0 la poursuite de projets APR engag\u00e9s. Tout projet engag\u00e9 doit faire l\u2019objet, chaque ann\u00e9e, d\u2019une mise \u00e0 jour de la proposition (en mettant en exergue la prise en compte des recommandations et l\u2019\u00e9tat d\u2019avancement du projet) et de la demande de financement.<\/p>\n\n\n\n<p>Les \u00e9quipes de recherche des laboratoires sont invit\u00e9es \u00e0 soumettre leurs propositions jusqu\u2019au&nbsp;<strong>15 juin 2026 minuit<\/strong>&nbsp;sur la plateforme d\u00e9di\u00e9e :&nbsp;<a href=\"https:\/\/appels-sciences.cnes.fr\/fr\">https:\/\/appels-sciences.cnes.fr\/fr&nbsp;<\/a>et plus pr\u00e9cis\u00e9ment sur le programme&nbsp;<a href=\"https:\/\/appels-sciences.cnes.fr\/fr\/applications\/proposition-recherche-2027?programId=699c6addc329b78ddf0168c7\">2027 APR &#8211; Propositions de recherche scientifique<\/a>.<\/p>\n\n\n\n<p>Vous y retrouverez la lettre de cadrage de l\u2019appel \u00e0 propositions, le calendrier, les contacts, une FAQ ainsi que les modalit\u00e9s pour r\u00e9pondre \u00e0 cet appel. Nous attirons votre attention sur l\u2019importance de lire ces modalit\u00e9s pour prendre en compte les changements et recommandations.<\/p>\n\n\n\n<p>Nous vous rappelons que :<\/p>\n\n\n\n<ul class=\"wp-block-list\">\n<li>La proposition sera constitu\u00e9e d\u2019un seul dossier technique (DT) et au moins d\u2019un dossier \u00e9conomique (DE) et &#8230;&#8230;.si besoin compl\u00e9t\u00e9 d&rsquo;un dossier \u00e9conomique pour chaque coproposant ayant une demande financi\u00e8re et n\u2019\u00e9tant pas du m\u00eame laboratoire que le proposant (le coproposant n\u2019a plus besoin de constituer de dossier technique)<\/li>\n\n\n\n<li>Le proposant devra associer son directeur qui pourra ainsi consulter et \u00e9ventuellement faire des remarques.<\/li>\n\n\n\n<li>Le proposant devra associer les coproposants \u00e9ventuels qui pourront ainsi consulter et compl\u00e9ter la proposition notamment en d\u00e9posant leur DE. Chaque coproposant devra lui-aussi informer son directeur.<\/li>\n\n\n\n<li>Il est indispensable que les aspects RH et financiers soient port\u00e9s \u00e0 la connaissances des directeurs.<\/li>\n\n\n\n<li>Le proposant reste le leader pour v\u00e9rifier la compl\u00e9tude de la proposition, il lui appartient de soumettre d\u00e9finitivement sa proposition (transmission au CNES pour \u00e9valuation).<\/li>\n<\/ul>\n\n\n\n<p><strong>ATTENTION<\/strong>&nbsp;&#8211; Cette ann\u00e9e les propositions d\u2019exp\u00e9rimentations sous ballon ne feront pas l\u2019objet d\u2019un appel sp\u00e9cifique comme l&rsquo;an dernier. Les propositions ballons doivent donc \u00eatre d\u00e9pos\u00e9s \u00e0 l&rsquo;APR 2027.<\/p>\n\n\n\n<p>Pour plus d&rsquo;informations sur les ballons, vous pouvez adresser un message \u00e0&nbsp;<a href=\"mailto:ballons-apr@cnes.fr\">ballons-apr@cnes.fr<\/a>&nbsp;ou consulter sur le site&nbsp;<a href=\"http:\/\/cnes.fr\/\">Cnes.fr<\/a>&nbsp;la page Exp\u00e9riences sous ballon.<\/p>\n\n\n\n<p><strong>NOUVEAU<\/strong>&nbsp;: Empreinte environnementale des activit\u00e9s spatiales<\/p>\n\n\n\n<p>Dans le prolongement des travaux du SPS 2024 de St Malo, les sujets de recherche relatifs \u00e0 l\u2019estimation de l\u2019empreinte environnementale des activit\u00e9s spatiales dans leur ensemble sont encourag\u00e9s.<\/p>\n\n\n\n<p>Par ailleurs, les proposants sont invit\u00e9s \u00e0 \u00e9valuer l\u2019empreinte de leurs activit\u00e9s de recherche spatiale et \u00e0 identifier des pistes pour sa r\u00e9duction. Un formulaire est propos\u00e9 pour \u00e9valuer l\u2019empreinte environnementale des projets en recherche spatiale et identifier des pistes pour sa r\u00e9duction (sans obligation \u00e0 ce stade). Ce formulaire sous la forme d\u2019une feuille Excel est issu des travaux du groupement de recherche (GDR) Labos 1point5 soutenu notamment par le CNRS, INRAE, l\u2019ADEME, l&rsquo;INRIA et Sorbonne Universit\u00e9 &nbsp; (1point5 | Transformer la recherche collectivement).<\/p>\n\n\n\n<p>Transmis par Olivier La Marle<\/p>\n\n\n\n<h3 class=\"wp-block-heading\">3. Journ\u00e9e mission L4 Encelade, 9 juin, 2026, CNES Pairs (France) &#8211; Appel \u00e0 contributions<\/h3>\n\n\n\n<p>La journ\u00e9e \u00ab Mission L4 de l\u2019ESA, destination Encelade \u00bb aura lieu au CNES Paris le&nbsp;<strong>9 juin 2026<\/strong>. Un lien de visioconf\u00e9rence sera \u00e9galement disponible.<\/p>\n\n\n\n<p>Cette journ\u00e9e a pour vocation de r\u00e9unir la communaut\u00e9 fran\u00e7aise pour l\u2019informer sur cette mission (objectifs, profil, charges utiles attendues, etc.) et identifier les instruments fran\u00e7ais qui pourraient y participer avec le soutien du CNES.&nbsp;<\/p>\n\n\n\n<p>Nous vous invitons \u00e0 contribuer \u00e0 cette journ\u00e9e en proposant des instruments ou des id\u00e9es d\u2019int\u00e9r\u00eat pour la mission L4 via la soumission d&rsquo;abstract (voir plus loin). Les instruments d\u00e9j\u00e0 matures, mais aussi les concepts instrumentaux innovants sont les bienvenus puisque le temps de d\u00e9veloppement est encore cons\u00e9quent (TRL6 demand\u00e9 pour 2034). Les instruments propos\u00e9s devront r\u00e9pondre \u00e0 au moins un (de pr\u00e9f\u00e9rence plusieurs) objectifs scientifiques pr\u00e9sent\u00e9s dans la Matrice de Tracabilit\u00e9 Scientifique (STM) de la mission. \u00c9tant donn\u00e9es les contraintes en termes de ressources (notamment en masse) de la mission, une attention particuli\u00e8re est \u00e0 apporter \u00e0 la miniaturisation des instruments.&nbsp;<\/p>\n\n\n\n<p>Pour rappel, vous pouvez consulter la STM ici :&nbsp;<a href=\"https:\/\/www.cosmos.esa.int\/web\/l4\/science-traceability-matrix\">https:\/\/www.cosmos.esa.int\/web\/l4\/science-traceability-matrix<\/a>&nbsp;ainsi que le rapport du groupe d\u2019experts scientifiques de la mission ici:&nbsp;<a href=\"https:\/\/www.cosmos.esa.int\/documents\/1866264\/1866292\/ESA_L4_Expert_Committee_report_Voyage_2050_Moons_of_the_Giant_Planets.pdf\">https:\/\/www.cosmos.esa.int\/documents\/1866264\/1866292\/ESA_L4_Expert_Committee_report_Voyage_2050_Moons_of_the_Giant_Planets.pdf<\/a><\/p>\n\n\n\n<p>Le profil g\u00e9n\u00e9ral de la mission L4 est le suivant (voir aussi slides attach\u00e9es): adoption de la mission en 2034, d\u00e9collage vers 2042, tour des lunes de Saturne avec la science r\u00e9alis\u00e9e par \u00ab l\u2019orbiteur \u00bb durant au moins 3 ans (et possibilit\u00e9 de quelques passages \u00e0 haute vitesse dans les panaches du p\u00f4le Sud d\u2019Encelade), mise en orbite autour d\u2019Encelade d\u00e9but 2050s avec des passages \u00e0 basse vitesse dans les panaches du p\u00f4le Sud (science r\u00e9alis\u00e9e par l\u2019orbiteur et \u00e9ventuellement par l&rsquo;atterrisseur avant son d\u00e9tachement), mise en orbite stable autour d\u2019Encelade (orbite elliptique @ 50&#215;500 km avec une inclinaison de ~70 deg) puis phase de reconnaissance d\u2019un site d\u2019atterrissage et atterrissage (science r\u00e9alis\u00e9e par l\u2019orbiteur et au sol par l\u2019atterrisseur). La dur\u00e9e de vie vis\u00e9e de l\u2019atterrisseur est de 2-4 semaines mais il n\u2019est pas impossible que des mesures peu \u00e9nerg\u00e9tiques puissent \u00eatre conduites au-del\u00e0.&nbsp;<\/p>\n\n\n\n<p>Les abstracts, d\u2019une demi-page environ, en fran\u00e7ais ou en anglais, sont attendus pour le&nbsp;<strong>22 mai 2026<\/strong>&nbsp;et \u00e0 d\u00e9poser \u00e0 cette adresse:&nbsp;<a href=\"https:\/\/owncloud.latmos.ipsl.fr\/index.php\/s\/wRTRWmHQnKBc6kR\">https:\/\/owncloud.latmos.ipsl.fr\/index.php\/s\/wRTRWmHQnKBc6kR<\/a><\/p>\n\n\n\n<p>A noter, qu\u2019hormis les deux premi\u00e8res pr\u00e9sentations par l\u2019ESA qui seront en anglais, le reste de la journ\u00e9e se d\u00e9roulera en fran\u00e7ais.&nbsp;<\/p>\n\n\n\n<p>&#8211; La r\u00e9union aura lieu dans la salle de l\u2019Espace du CNES (2 place Maurice-Quentin, Paris). Afin de pr\u00e9voir les badges et de dimensionner le buffet du midi et les pauses caf\u00e9,&nbsp;<strong>l\u2019inscription est gratuite mais obligatoire<\/strong>:&nbsp;<a href=\"https:\/\/beta.framadate.org\/polls\/journeeL4Encelade\">https:\/\/beta.framadate.org\/polls\/journeeL4Encelade<\/a>. Inscription avant le&nbsp;<strong>22 mai&nbsp;<\/strong>au plus tard.<\/p>\n\n\n\n<p>&#8211; Pour les ressortissants non UE, un passeport doit \u00eatre obligatoirement transmis par mail (\u00e0&nbsp;<a href=\"mailto:caroline.bailly@cnes.fr\">caroline.bailly@cnes.fr<\/a>) avant le 19 mai au plus tard. En cas de non envoi, votre acc\u00e8s au site pourra vous \u00eatre refus\u00e9 le jour de l\u2019\u00e9v\u00e8nement.<\/p>\n\n\n\n<p>Dans le cas d\u2019un d\u00e9passement de la capacit\u00e9 d\u2019accueil de la salle de l\u2019Espace, la priorit\u00e9 sera donn\u00e9e par ordre d\u2019inscription.<\/p>\n\n\n\n<p>Transmis par Olivier La Marle<\/p>\n\n\n\n<h3 class=\"wp-block-heading\">4. Symposium franco-am\u00e9ricain \u00e0 l&rsquo;Acad\u00e9mie des sciences, 20-21 mai, 2026, Paris (France)<\/h3>\n\n\n\n<p>Les deux Acad\u00e9mies nationales des sciences de France et des Etats-Unis, organisent un symposium conjoint les\u00a0<strong>20 et 21 mai 2026<\/strong>\u00a0\u00e0 l&rsquo;Institut de France (3 rue Mazarine, 75006 Paris) intitul\u00e9 : \u00ab Des Lumi\u00e8res \u00e0 l&rsquo;IA : 250 ans de r\u00e9volutions scientifiques communes entre la France et les \u00c9tats-Unis \u00bb.<\/p>\n\n\n\n<p>Cet \u00e9v\u00e9nement grand public met en lumi\u00e8re les liens scientifiques profonds, historiques et durables entre les deux pays \u00e0 l&rsquo;occasion du 250\u00e8me anniversaire de l&rsquo;ind\u00e9pendance am\u00e9ricaine. Celui-ci rassemble des scientifiques et des penseurs autour de th\u00e8mes tels que la science dans les r\u00e9gions polaires et le changement climatique, le combat scientifique contre les maladies infectieuses, ou la science et l\u2019ing\u00e9nierie quantique. Il sera ouvert par un haut repr\u00e9sentant de l&rsquo;ambassade des Etats-Unis et un haut repr\u00e9sentant du minist\u00e8re de l&rsquo;Europe et des Affaires Etrang\u00e8res. Je vous prie de trouver ci-joint la derni\u00e8re version du programme. Celui-ci est \u00e9galement disponible sur le site web de l&rsquo;Acad\u00e9mie des sciences.<\/p>\n\n\n\n<p>L&rsquo;inscription est&nbsp;<strong>gratuite et obligatoire<\/strong>&nbsp;:<\/p>\n\n\n\n<p><a href=\"https:\/\/www.eventbrite.fr\/e\/billets-des-lumieres-a-lia-from-the-enlightenment-to-ai-1982692749386\">https:\/\/www.eventbrite.fr\/e\/billets-des-lumieres-a-lia-from-the-enlightenment-to-ai-1982692749386<\/a><\/p>\n\n\n\n<p>Transmis par l&rsquo;\u00e9quipe des Relations Internationales &nbsp;Acad\u00e9mie des sciences<\/p>\n\n\n\n<h3 class=\"wp-block-heading\">5. Journ\u00e9e Ariel 2026<\/h3>\n\n\n\n<p>Le programme des journ\u00e9es annuelles Ariel France qui se tiendront \u00e0 l&rsquo;IAP le mardi 9 juin 2026 est maintenant disponible en ligne sur le site \u00a0<a href=\"https:\/\/www.ariel-mission.fr\/les-journees-ariel\/\"><\/a><a href=\"https:\/\/www.ariel-mission.fr\/les-journees-ariel\/\">Les journ\u00e9es et ateliers Ariel<\/a>\u00a0\u2013 Ariel\u00a0\u00a0(<a href=\"http:\/\/ariel-mission.fr\/les-journees-ariel\/\">ariel-mission.fr\/les-journees-ariel\/<\/a>)<\/p>\n\n\n\n<p>Ces journ\u00e9es s&rsquo;adressent \u00e0 toute la communaut\u00e9 exoplan\u00e8tes fran\u00e7aise, et comprendront une pr\u00e9sentation de l&rsquo;\u00e9tat d&rsquo;avancement de la mission ESA\/Ariel, des r\u00e9sultats r\u00e9cents et des contributions propos\u00e9es par la communaut\u00e9.<\/p>\n\n\n\n<p>Une revue de l\u2019avancement de la mission Ariel et de l\u2019instrument AIRS dont la calibration du mod\u00e8le d&rsquo;ing\u00e9ni\u00e9rie a d\u00e9but\u00e9 en 2026 sera pr\u00e9sent\u00e9e. Sur le sch\u00e9ma des journ\u00e9es annuelles Ariel France tenues depuis 2021 ces nouvelles journ\u00e9es doivent permettre \u00e0 l\u2019ensemble de la communaut\u00e9 fran\u00e7aise de s\u2019impliquer dans la mission, qui comporte en particulier une ouverture \u00e0 la communaut\u00e9 internationale en \u00ab science ouverte \u00bb. L\u2019insertion d\u2019Ariel dans des collaborations avec les autres instruments sol ou espace est un \u00e9l\u00e9ment important pour pr\u00e9parer le retour scientifique optimal. Cette journ\u00e9e se tiendra en mode hybride, en pr\u00e9sentiel sur le site de l&rsquo;IAP ou en connexion \u00e0 distance.&nbsp;<\/p>\n\n\n\n<p>Des pr\u00e9sentations invit\u00e9es proposeront une description de l\u2019avancement de la mission sur les plans techniques aussi bien qu\u2019en mod\u00e9lisation. &nbsp;<\/p>\n\n\n\n<p>La participation peut se faire en pr\u00e9sentiel (de pr\u00e9f\u00e9rence) ou \u00e0 distance, \u00e0 indiquer lors de l&rsquo;inscription disponible par le formulaire sur le site indiqu\u00e9 ci-dessus<\/p>\n\n\n\n<p>Transmis par Pierre Drossart<\/p>\n\n\n\n<h3 class=\"wp-block-heading\">6. Astro-CC Project Training Event (Virtual Observatory School), 29 September &#8211; 1 October, 2026, Strasbourg (France)<\/h3>\n\n\n\n<p>The Astro-CC Pilot Project is organizing a hands-on training school on the Virtual Observatory (VO), hosted at the Strasbourg Astronomical Observatory (Strasbourg, France), from Tuesday 29 September to Thursday 1 October 2026.<\/p>\n\n\n\n<p>The Virtual Observatory allows to explore and combine the rapidly growing volume of data from ground-based and space missions. This school will introduce participants to VO tools, standards, and services, enabling efficient scientific workflows across heterogeneous datasets.<\/p>\n\n\n\n<p>Through guided tutorials, participants will gain experience in:<\/p>\n\n\n\n<ul class=\"wp-block-list\">\n<li>discovering and accessing data from major VO services,<\/li>\n\n\n\n<li>querying and cross-matching catalogues,<\/li>\n\n\n\n<li>working with spatial and temporal coverage,<\/li>\n\n\n\n<li>analyzing and visualizing results interactively.<\/li>\n<\/ul>\n\n\n\n<p>The hands-on sessions will be based on scientific use cases, including exploration of Gaia DR3 data, planetary surface composition, and time-domain phenomena such as Gamma-Ray Bursts&#8230;<\/p>\n\n\n\n<p>Dedicated time will be allocated for participants to&nbsp;<strong>work on their own scientific projects<\/strong>, with tutors providing guidance to help them apply the newly acquired methods and tools.<\/p>\n\n\n\n<p>To ensure a high level of interaction,&nbsp;<strong>participation is limited to 30 attendees<\/strong>. Priority will be given to PhD students and postdoctoral researchers.<\/p>\n\n\n\n<p>There is&nbsp;<strong>no registration fee<\/strong>, and accommodation will be covered for accepted participants.<\/p>\n\n\n\n<p>For more information and to apply, visit:<\/p>\n\n\n\n<p><a href=\"https:\/\/indico.in2p3.fr\/event\/38575\">https:\/\/indico.in2p3.fr\/event\/38575<\/a><\/p>\n\n\n\n<p>Important dates:<\/p>\n\n\n\n<ul class=\"wp-block-list\">\n<li>Application deadline (including submission of use cases):\u00a0<strong>23 May 2026<\/strong><\/li>\n\n\n\n<li>Notification of acceptance: end of June 2026<\/li>\n\n\n\n<li>School dates: 29 September \u2013 1 October 2026<\/li>\n<\/ul>\n\n\n\n<p>Transmis par Manon Marchand<\/p>\n\n\n\n<h3 class=\"wp-block-heading\">7. Le num\u00e9ro de mai du magazine de la SAF l\u2019Astronomie est paru<\/h3>\n\n\n\n<p>Le num\u00e9ro de mai (n\u00b0204) du magazine de la SAF l\u2019Astronomie est paru.<\/p>\n\n\n\n<p>Dans les Actualit\u00e9s F. Deschamps (IESA,Taiwan), explique l&rsquo;existence de la Lacune de Fulcon correspondant \u00e0 un d\u00e9ficit de plan\u00e8tes de rayon interm\u00e9diaire entre super-Terre et mini-Neptune. T. Encrenaz (OP), S. Collin-Zahn (OP), F. Mottez (OP) et J. Borg (IAS) pr\u00e9sentent une exoplan\u00e8te errante diff\u00e9rente des autres, la vraie nature des points rouges d\u00e9couverts par le JWST, la premi\u00e8re d\u00e9viation d&rsquo;un objet c\u00e9leste par une sonde spatiale, l&rsquo;observation par Hubble de la fragmentation d&rsquo;une com\u00e8te et la d\u00e9couverte probable d&rsquo;une lune autour d&rsquo;une jeune \u00e9toile massive.<\/p>\n\n\n\n<p>Dans la rubrique \u00ab\u00a0Spatial\u00a0\u00bb J. Bocherens (SAF) rappelle les 11 ans d&rsquo;observation de la sonde martienne MAVEN qui a cess\u00e9 d&rsquo;\u00e9mettre le 6 d\u00e9cembre 2025. Dans le Zoom, T. Encrenaz rapporte l&rsquo;historique de la recherche d&rsquo;objets transneptuniens aux confins du Syst\u00e8me solaire. Dans la rubrique Instrumentation, C. Becquaert (Association Horloge du lyc\u00e9e Stendhal) pr\u00e9sente l&rsquo;horloge solaire monumentale du lyc\u00e9e Stendhal de Grenoble.<\/p>\n\n\n\n<p>Dans Observation et travaux, L. Souchu (SAF) d\u00e9voile son intention d&rsquo;observer l&rsquo;\u00e9clipse totale du 12 ao\u00fbt prochain avec le mat\u00e9riel utilis\u00e9 en 1927 afin de r\u00e9aliser un chapelet d&rsquo;images de l&rsquo;\u00e9clipse et une image st\u00e9r\u00e9oscopique. Du c\u00f4t\u00e9 Observations, G. Raffaitin, G. Sautot et E. Evrard (SAF) invitent \u00e0 observer la Grande Ourse et la Cha\u00eene de Markarian.<\/p>\n\n\n\n<p>Pour vous informer sur le num\u00e9ro en cours et les num\u00e9ros pr\u00e9c\u00e9dents, vous abonner, ou abonner votre laboratoire, voir&nbsp;<a href=\"https:\/\/lastronomie.fr\/\">https:\/\/lastronomie.fr<\/a>.<\/p>\n\n\n\n<p>Transmis par Nicole Mein<\/p>\n\n\n\n<hr class=\"wp-block-separator has-alpha-channel-opacity\"\/>\n\n\n\n<p>Pour faire passer vos messages, envoyez un mail au secr\u00e9tariat SF2A (<a href=\"mailto:secretariat@sf2a.eu\">secretariat@sf2a.eu<\/a>) avant le vendredi 18h pour une diffusion le lundi apr\u00e8s-midi suivant.<\/p>\n\n\n\n<p>Pour se d\u00e9sabonner de la newsletter, rendez-vous dans votre espace MaSF2A (<a href=\"http:\/\/www.ma.sf2a.eu\/\">www.ma.sf2a.eu<\/a>)&gt;Annuaire&gt;G\u00e9rer votre fiche.<\/p>\n","protected":false},"excerpt":{"rendered":"<h4>Message SF2A No 1183 &#8211; 04\/05\/26<\/h4>\n<p>\n1. Message de l&rsquo;AT EXOS<br \/>\n2. CNES &#8211; PARS &#8211; APR 2027 &#8211; Ouverture de l&rsquo;Appel annuel \u00e0 Propositions de Recherche spatiale<br \/>\n3. Journ\u00e9e mission L4 Encelade, 9 juin, 2026, CNES Pairs (France) &#8211; Appel \u00e0 contributions<br \/>\n4. Symposium franco-am\u00e9ricain \u00e0 l&rsquo;Acad\u00e9mie des sciences, 20-21 mai, 2026, Paris (France)<br \/>\n5. Journ\u00e9e Ariel 2026<br \/>\n6. Astro-CC Project Training Event (Virtual Observatory School), 29 September &#8211; 1 October, 2026, Strasbourg (France)<br \/>\n7. Le num\u00e9ro de mai du magazine de la SAF l\u2019Astronomie est paru<\/p>\n","protected":false},"author":1,"featured_media":0,"comment_status":"closed","ping_status":"open","sticky":false,"template":"","format":"standard","meta":{"saved_in_kubio":false,"footnotes":""},"categories":[1],"tags":[],"class_list":["post-2953","post","type-post","status-publish","format-standard","hentry","category-uncategorized"],"_links":{"self":[{"href":"https:\/\/sf2a.eu\/website2023\/wp-json\/wp\/v2\/posts\/2953","targetHints":{"allow":["GET"]}}],"collection":[{"href":"https:\/\/sf2a.eu\/website2023\/wp-json\/wp\/v2\/posts"}],"about":[{"href":"https:\/\/sf2a.eu\/website2023\/wp-json\/wp\/v2\/types\/post"}],"author":[{"embeddable":true,"href":"https:\/\/sf2a.eu\/website2023\/wp-json\/wp\/v2\/users\/1"}],"replies":[{"embeddable":true,"href":"https:\/\/sf2a.eu\/website2023\/wp-json\/wp\/v2\/comments?post=2953"}],"version-history":[{"count":3,"href":"https:\/\/sf2a.eu\/website2023\/wp-json\/wp\/v2\/posts\/2953\/revisions"}],"predecessor-version":[{"id":2956,"href":"https:\/\/sf2a.eu\/website2023\/wp-json\/wp\/v2\/posts\/2953\/revisions\/2956"}],"wp:attachment":[{"href":"https:\/\/sf2a.eu\/website2023\/wp-json\/wp\/v2\/media?parent=2953"}],"wp:term":[{"taxonomy":"category","embeddable":true,"href":"https:\/\/sf2a.eu\/website2023\/wp-json\/wp\/v2\/categories?post=2953"},{"taxonomy":"post_tag","embeddable":true,"href":"https:\/\/sf2a.eu\/website2023\/wp-json\/wp\/v2\/tags?post=2953"}],"curies":[{"name":"wp","href":"https:\/\/api.w.org\/{rel}","templated":true}]}}